{"id":320,"date":"2006-05-31T20:15:36","date_gmt":"2006-05-31T19:15:36","guid":{"rendered":"http:\/\/www.tour-blog.de\/?p=320"},"modified":"2006-06-21T22:18:44","modified_gmt":"2006-06-21T21:18:44","slug":"extrablatt-extrablatt-udo-vetter-angezeigt","status":"publish","type":"post","link":"https:\/\/www.tour-blog.de\/?p=320","title":{"rendered":"Extrablatt !  Extrablatt !  Udo Vetter angezeigt !"},"content":{"rendered":"<p>Vor ein paar Tagen habe ich schon die Geschichte vom Callboy Torsten kurz <a target=\"_blank\" title=\"R\u00fccklink auf meinen Artikel von vor ein paar Tagen\" href=\"https:\/\/www.tour-blog.de\/?p=307\">angerissen<\/a>. Heute lese ich, da\u00df sich Udo Vetter, bloggender Fachanwalt f\u00fcr Strafrecht, eine <a target=\"_blank\" title=\"Anzeige gegen Udo Vetter\" href=\"http:\/\/www.lawblog.de\/index.php\/archives\/2006\/05\/31\/strafsache-vetter\/\">Anzeige<\/a> von eben diesem Herrn eingefangen hat. Das ist <strike>mutig<\/strike> realit\u00e4tsfern. Kann nicht irgendjemand diesen Mann mal zu einem Gl\u00e4schen Prosecco zur Seite nehmen und ihm gut zureden ?  Der reitet sich ja noch selbst in den Tod. Nicht, da\u00df ich jetzt ernsthaft Mitleid mit ihm h\u00e4tte (eher mit dem Kollegen Vetter, weil er sich ja damit herum\u00e4rgern mu\u00df). Aber das ist doch Wahnsinn.<\/p>\n","protected":false},"excerpt":{"rendered":"<p>Vor ein paar Tagen habe ich schon die Geschichte vom Callboy Torsten kurz angerissen. Heute lese ich, da\u00df sich Udo Vetter, bloggender Fachanwalt f\u00fcr Strafrecht, eine Anzeige von eben diesem Herrn eingefangen hat. Das ist mutig realit\u00e4tsfern. Kann nicht irgendjemand diesen Mann mal zu einem Gl\u00e4schen Prosecco zur Seite nehmen und ihm gut zureden ? &hellip; <a href=\"https:\/\/www.tour-blog.de\/?p=320\" class=\"more-link\"><span class=\"screen-reader-text\">\u201eExtrablatt !  Extrablatt !  Udo Vetter angezeigt !\u201c<\/span> weiterlesen<\/a><\/p>\n","protected":false},"author":7,"featured_media":0,"comment_status":"open","ping_status":"open","sticky":false,"template":"","format":"standard","meta":[],"categories":[9],"tags":[],"_links":{"self":[{"href":"https:\/\/www.tour-blog.de\/index.php?rest_route=\/wp\/v2\/posts\/320"}],"collection":[{"href":"https:\/\/www.tour-blog.de\/index.php?rest_route=\/wp\/v2\/posts"}],"about":[{"href":"https:\/\/www.tour-blog.de\/index.php?rest_route=\/wp\/v2\/types\/post"}],"author":[{"embeddable":true,"href":"https:\/\/www.tour-blog.de\/index.php?rest_route=\/wp\/v2\/users\/7"}],"replies":[{"embeddable":true,"href":"https:\/\/www.tour-blog.de\/index.php?rest_route=%2Fwp%2Fv2%2Fcomments&post=320"}],"version-history":[{"count":0,"href":"https:\/\/www.tour-blog.de\/index.php?rest_route=\/wp\/v2\/posts\/320\/revisions"}],"wp:attachment":[{"href":"https:\/\/www.tour-blog.de\/index.php?rest_route=%2Fwp%2Fv2%2Fmedia&parent=320"}],"wp:term":[{"taxonomy":"category","embeddable":true,"href":"https:\/\/www.tour-blog.de\/index.php?rest_route=%2Fwp%2Fv2%2Fcategories&post=320"},{"taxonomy":"post_tag","embeddable":true,"href":"https:\/\/www.tour-blog.de\/index.php?rest_route=%2Fwp%2Fv2%2Ftags&post=320"}],"curies":[{"name":"wp","href":"https:\/\/api.w.org\/{rel}","templated":true}]}}