{"id":319,"date":"2006-05-31T10:24:31","date_gmt":"2006-05-31T09:24:31","guid":{"rendered":"http:\/\/www.tour-blog.de\/?p=319"},"modified":"2006-05-31T10:26:25","modified_gmt":"2006-05-31T09:26:26","slug":"ohne-worte","status":"publish","type":"post","link":"https:\/\/www.tour-blog.de\/?p=319","title":{"rendered":"Ohne Worte"},"content":{"rendered":"<p>Ich bin gerade hinten\u00fcber gekippt. Nachdem ich dann Eis auf meine Beule am Kopf gehalten hatte, habe ich folgende eMail an die Telekom geschrieben:<\/p>\n<p><em>Sehr geehrte Damen und Herren,<\/em><\/p>\n<p><em>seit einiger Zeit warten wir schon auf die Rufnummern und die Best\u00e4tigung des Anschlu\u00dftermins f\u00fcr die unter der Kundennummer XXX beantragten Zeitanschl\u00fcsse f\u00fcr die Veranstaltung WMsuperlive im Eisstadion Adendorf. In dieser Zeit bin ich zu mehreren Sachbearbeitern weitergereicht worden, es wurde bei Ihnen intern gepr\u00fcft und abgestimmt, getan und gemacht, letztlich f\u00fcr mich aber mit keinem sichtbaren Ergebnis. Heute, zwei Tage vor dem Installationstermin, bekomme ich nach meiner wiederholten R\u00fcckfrage die Auskunft, da\u00df ein Anschlu\u00df erst in fr\u00fchestens zwei Wochen m\u00f6glich sei. Wohlgemerkt: nicht Sie haben mich, sondern ich habe Sie angerufen. Dies ist in keiner Weise akzeptabel.<\/em><\/p>\n<p><em>Im Eisstadion Adendorf wird w\u00e4hrend der Fu\u00dfballweltmeisterschaft laut Landespolizei Niedersachsen die gr\u00f6\u00dfte Veranstaltungsreihe Niedersachsens au\u00dferhalb Hannovers stattfinden. Sie werden verstehen, da\u00df dies allein aus Sicherheitsgr\u00fcnden Kommunikationswege ben\u00f6tigt, zumal polizeiliche \u00dcberwachungstechnik installiert wird und wir bei der Er\u00f6ffnungsgala internationale sportliche und diplomatische G\u00e4ste erwarten.<\/em><\/p>\n<p><em>Im Vorfeld der Veranstaltung gibt es mehrere Pressekonferenzen. Ich bin durchaus gewillt, der deutschen \u00fcberregionalen Presse die Leistungsbereitschaft Ihres Unternehmens zu schildern.<\/em><\/p>\n<p><em>Wir erwarten, wie vom ersten Tag an kommuniziert, die Installation der Anschl\u00fcsse am 02.06., 11:00 Uhr, damit nachfolgende Gewerke ebenfalls fristgerecht ihre Arbeiten abschlie\u00dfen k\u00f6nnen. Weiterhin ben\u00f6tigen wir die Nummern der aufgeschalteten MSN heute im Laufe des Tages, weil wir sie weiterkommunizieren m\u00fcssen.<\/em><\/p>\n<p><em>Mit deutlich ver\u00e4rgertem Gru\u00df<\/em><\/p>\n<p><em>Markus Sorger<\/em><\/p>\n","protected":false},"excerpt":{"rendered":"<p>Ich bin gerade hinten\u00fcber gekippt. Nachdem ich dann Eis auf meine Beule am Kopf gehalten hatte, habe ich folgende eMail an die Telekom geschrieben: Sehr geehrte Damen und Herren, seit einiger Zeit warten wir schon auf die Rufnummern und die Best\u00e4tigung des Anschlu\u00dftermins f\u00fcr die unter der Kundennummer XXX beantragten Zeitanschl\u00fcsse f\u00fcr die Veranstaltung WMsuperlive &hellip; <a href=\"https:\/\/www.tour-blog.de\/?p=319\" class=\"more-link\"><span class=\"screen-reader-text\">\u201eOhne Worte\u201c<\/span> weiterlesen<\/a><\/p>\n","protected":false},"author":7,"featured_media":0,"comment_status":"open","ping_status":"open","sticky":false,"template":"","format":"standard","meta":[],"categories":[16],"tags":[],"_links":{"self":[{"href":"https:\/\/www.tour-blog.de\/index.php?rest_route=\/wp\/v2\/posts\/319"}],"collection":[{"href":"https:\/\/www.tour-blog.de\/index.php?rest_route=\/wp\/v2\/posts"}],"about":[{"href":"https:\/\/www.tour-blog.de\/index.php?rest_route=\/wp\/v2\/types\/post"}],"author":[{"embeddable":true,"href":"https:\/\/www.tour-blog.de\/index.php?rest_route=\/wp\/v2\/users\/7"}],"replies":[{"embeddable":true,"href":"https:\/\/www.tour-blog.de\/index.php?rest_route=%2Fwp%2Fv2%2Fcomments&post=319"}],"version-history":[{"count":0,"href":"https:\/\/www.tour-blog.de\/index.php?rest_route=\/wp\/v2\/posts\/319\/revisions"}],"wp:attachment":[{"href":"https:\/\/www.tour-blog.de\/index.php?rest_route=%2Fwp%2Fv2%2Fmedia&parent=319"}],"wp:term":[{"taxonomy":"category","embeddable":true,"href":"https:\/\/www.tour-blog.de\/index.php?rest_route=%2Fwp%2Fv2%2Fcategories&post=319"},{"taxonomy":"post_tag","embeddable":true,"href":"https:\/\/www.tour-blog.de\/index.php?rest_route=%2Fwp%2Fv2%2Ftags&post=319"}],"curies":[{"name":"wp","href":"https:\/\/api.w.org\/{rel}","templated":true}]}}