{"id":3165,"date":"2010-02-27T16:27:32","date_gmt":"2010-02-27T15:27:32","guid":{"rendered":"http:\/\/www.tour-blog.de\/?p=3165"},"modified":"2010-02-27T16:27:33","modified_gmt":"2010-02-27T15:27:33","slug":"es-grunt-so-grun","status":"publish","type":"post","link":"https:\/\/www.tour-blog.de\/?p=3165","title":{"rendered":"Es gr\u00fcnt so gr\u00fcn"},"content":{"rendered":"<p><img loading=\"lazy\" class=\"alignnone\" title=\"Meine Blumenzucht auf dem E\u00dftisch\" src=\"https:\/\/www.tour-blog.de\/2010\/02\/Anzucht.jpg\" alt=\"\" width=\"700\" height=\"469\" \/><\/p>\n<p>Allm\u00e4hlich sieht es schon ganz gut aus bei meiner Blumenzucht auf dem E\u00dftisch. Die H\u00e4lfte der Sorten sind angegangen, bei den anderen hoffe ich mal, da\u00df sie einfach etwas l\u00e4nger brauchen und auch noch kommen werden. Und ich dr\u00fccke nat\u00fcrlich die Daumen, da\u00df die Pflanzen dann auch alle durchkommen. Wenn ja, gibt es dieses Jahr einen sehr bunten Garten.<\/p>\n","protected":false},"excerpt":{"rendered":"<p>Allm\u00e4hlich sieht es schon ganz gut aus bei meiner Blumenzucht auf dem E\u00dftisch. Die H\u00e4lfte der Sorten sind angegangen, bei den anderen hoffe ich mal, da\u00df sie einfach etwas l\u00e4nger brauchen und auch noch kommen werden. Und ich dr\u00fccke nat\u00fcrlich die Daumen, da\u00df die Pflanzen dann auch alle durchkommen. Wenn ja, gibt es dieses Jahr &hellip; <a href=\"https:\/\/www.tour-blog.de\/?p=3165\" class=\"more-link\"><span class=\"screen-reader-text\">\u201eEs gr\u00fcnt so gr\u00fcn\u201c<\/span> weiterlesen<\/a><\/p>\n","protected":false},"author":7,"featured_media":0,"comment_status":"open","ping_status":"open","sticky":false,"template":"","format":"standard","meta":[],"categories":[23],"tags":[],"_links":{"self":[{"href":"https:\/\/www.tour-blog.de\/index.php?rest_route=\/wp\/v2\/posts\/3165"}],"collection":[{"href":"https:\/\/www.tour-blog.de\/index.php?rest_route=\/wp\/v2\/posts"}],"about":[{"href":"https:\/\/www.tour-blog.de\/index.php?rest_route=\/wp\/v2\/types\/post"}],"author":[{"embeddable":true,"href":"https:\/\/www.tour-blog.de\/index.php?rest_route=\/wp\/v2\/users\/7"}],"replies":[{"embeddable":true,"href":"https:\/\/www.tour-blog.de\/index.php?rest_route=%2Fwp%2Fv2%2Fcomments&post=3165"}],"version-history":[{"count":0,"href":"https:\/\/www.tour-blog.de\/index.php?rest_route=\/wp\/v2\/posts\/3165\/revisions"}],"wp:attachment":[{"href":"https:\/\/www.tour-blog.de\/index.php?rest_route=%2Fwp%2Fv2%2Fmedia&parent=3165"}],"wp:term":[{"taxonomy":"category","embeddable":true,"href":"https:\/\/www.tour-blog.de\/index.php?rest_route=%2Fwp%2Fv2%2Fcategories&post=3165"},{"taxonomy":"post_tag","embeddable":true,"href":"https:\/\/www.tour-blog.de\/index.php?rest_route=%2Fwp%2Fv2%2Ftags&post=3165"}],"curies":[{"name":"wp","href":"https:\/\/api.w.org\/{rel}","templated":true}]}}