{"id":3154,"date":"2010-02-22T16:53:44","date_gmt":"2010-02-22T15:53:44","guid":{"rendered":"http:\/\/www.tour-blog.de\/?p=3154"},"modified":"2010-02-22T16:53:44","modified_gmt":"2010-02-22T15:53:44","slug":"das-ging-ja-schnell","status":"publish","type":"post","link":"https:\/\/www.tour-blog.de\/?p=3154","title":{"rendered":"Das ging ja schnell"},"content":{"rendered":"<p style=\"text-align: center;\"><img loading=\"lazy\" class=\"aligncenter\" title=\"Die ersten Blumen keimen\" src=\"https:\/\/www.tour-blog.de\/2010\/02\/Tagetes.jpg\" alt=\"\" width=\"500\" height=\"643\" \/><\/p>\n<p>Heute morgen als ich aufstand waren dann schon die ersten Blumen meiner Zucht gekeimt. Die <a title=\"Der Begriff bei Wikipedia\" href=\"http:\/\/de.wikipedia.org\/wiki\/Tagetes\" target=\"_blank\">Tagetes<\/a> scheinen es besonders eilig zu haben. Aber wenn ich den kleinen Erdh\u00fcgelchen bei einigen anderen Sorten glauben kann, dann scheinen in den n\u00e4chsten Stunden auch noch andere Blumen durchzukommen. Derweil schneit es drau\u00dfen wieder. Letztes Jahr um diese Zeit gab es schon <a title=\"Bericht aus dem letzten Jahr\" href=\"https:\/\/www.tour-blog.de\/?p=2121\" target=\"_blank\">lange ganz viele Schneegl\u00f6ckchen<\/a> und die <a title=\"Bericht aus dem letzten Jahr\" href=\"https:\/\/www.tour-blog.de\/?p=2143\" target=\"_blank\">ersten Krokusse<\/a> im Garten. Davon ist dieses Jahr noch gar nichts zu sehen. Daf\u00fcr war der Winter spektakul\u00e4rer, so richtig mit zugefrorener Alster; das ist ja auch was !<\/p>\n","protected":false},"excerpt":{"rendered":"<p>Heute morgen als ich aufstand waren dann schon die ersten Blumen meiner Zucht gekeimt. Die Tagetes scheinen es besonders eilig zu haben. Aber wenn ich den kleinen Erdh\u00fcgelchen bei einigen anderen Sorten glauben kann, dann scheinen in den n\u00e4chsten Stunden auch noch andere Blumen durchzukommen. Derweil schneit es drau\u00dfen wieder. Letztes Jahr um diese Zeit &hellip; <a href=\"https:\/\/www.tour-blog.de\/?p=3154\" class=\"more-link\"><span class=\"screen-reader-text\">\u201eDas ging ja schnell\u201c<\/span> weiterlesen<\/a><\/p>\n","protected":false},"author":7,"featured_media":0,"comment_status":"open","ping_status":"open","sticky":false,"template":"","format":"standard","meta":[],"categories":[23],"tags":[],"_links":{"self":[{"href":"https:\/\/www.tour-blog.de\/index.php?rest_route=\/wp\/v2\/posts\/3154"}],"collection":[{"href":"https:\/\/www.tour-blog.de\/index.php?rest_route=\/wp\/v2\/posts"}],"about":[{"href":"https:\/\/www.tour-blog.de\/index.php?rest_route=\/wp\/v2\/types\/post"}],"author":[{"embeddable":true,"href":"https:\/\/www.tour-blog.de\/index.php?rest_route=\/wp\/v2\/users\/7"}],"replies":[{"embeddable":true,"href":"https:\/\/www.tour-blog.de\/index.php?rest_route=%2Fwp%2Fv2%2Fcomments&post=3154"}],"version-history":[{"count":0,"href":"https:\/\/www.tour-blog.de\/index.php?rest_route=\/wp\/v2\/posts\/3154\/revisions"}],"wp:attachment":[{"href":"https:\/\/www.tour-blog.de\/index.php?rest_route=%2Fwp%2Fv2%2Fmedia&parent=3154"}],"wp:term":[{"taxonomy":"category","embeddable":true,"href":"https:\/\/www.tour-blog.de\/index.php?rest_route=%2Fwp%2Fv2%2Fcategories&post=3154"},{"taxonomy":"post_tag","embeddable":true,"href":"https:\/\/www.tour-blog.de\/index.php?rest_route=%2Fwp%2Fv2%2Ftags&post=3154"}],"curies":[{"name":"wp","href":"https:\/\/api.w.org\/{rel}","templated":true}]}}