{"id":3143,"date":"2010-02-19T22:28:13","date_gmt":"2010-02-19T21:28:13","guid":{"rendered":"http:\/\/www.tour-blog.de\/?p=3143"},"modified":"2011-02-20T15:05:30","modified_gmt":"2011-02-20T14:05:30","slug":"fruhlingsvorbereitungen","status":"publish","type":"post","link":"https:\/\/www.tour-blog.de\/?p=3143","title":{"rendered":"Fr\u00fchlingsvorbereitungen"},"content":{"rendered":"<p><img loading=\"lazy\" class=\"alignnone\" title=\"Meine Samenbank.... \u00e4h... Blumenzucht\" src=\"https:\/\/www.tour-blog.de\/2010\/02\/Zucht.jpg\" alt=\"\" width=\"700\" height=\"525\" \/><\/p>\n<p>Es gibt Leute die der Meinung sind, ich w\u00fcrde manchmal die Dinge etwas \u00fcbertreiben. Kann ich gar nicht verstehen. Das auf jeden Fall ist meine gestern und heute angelegte Blumenzucht f\u00fcr den Garten. Es kann ja nicht immer Winter bleiben.<\/p>\n<p>Ich hatte im letzten Jahr einiges an Samen zusammengesammelt, bin sogar in fremde Vorg\u00e4rten eingestiegen, um Samen von Blumen zu klauen, die mir gefielen und jetzt war die Zeit, meine Samenbank mal in Erde zu setzen, damit ich aufs Beste vorbereitet bin, wenn es w\u00e4rmer wird. \u00dcber 300 T\u00f6pfchen habe ich angesetzt und ich hoffe, da\u00df daraus auch was wird. Immerhin soll mein Gartenb\u00fcro im Sommer auch sch\u00f6n bunt werden.<\/p>\n","protected":false},"excerpt":{"rendered":"<p>Es gibt Leute die der Meinung sind, ich w\u00fcrde manchmal die Dinge etwas \u00fcbertreiben. Kann ich gar nicht verstehen. Das auf jeden Fall ist meine gestern und heute angelegte Blumenzucht f\u00fcr den Garten. Es kann ja nicht immer Winter bleiben. Ich hatte im letzten Jahr einiges an Samen zusammengesammelt, bin sogar in fremde Vorg\u00e4rten eingestiegen, &hellip; <a href=\"https:\/\/www.tour-blog.de\/?p=3143\" class=\"more-link\"><span class=\"screen-reader-text\">\u201eFr\u00fchlingsvorbereitungen\u201c<\/span> weiterlesen<\/a><\/p>\n","protected":false},"author":7,"featured_media":0,"comment_status":"open","ping_status":"open","sticky":false,"template":"","format":"standard","meta":[],"categories":[23],"tags":[],"_links":{"self":[{"href":"https:\/\/www.tour-blog.de\/index.php?rest_route=\/wp\/v2\/posts\/3143"}],"collection":[{"href":"https:\/\/www.tour-blog.de\/index.php?rest_route=\/wp\/v2\/posts"}],"about":[{"href":"https:\/\/www.tour-blog.de\/index.php?rest_route=\/wp\/v2\/types\/post"}],"author":[{"embeddable":true,"href":"https:\/\/www.tour-blog.de\/index.php?rest_route=\/wp\/v2\/users\/7"}],"replies":[{"embeddable":true,"href":"https:\/\/www.tour-blog.de\/index.php?rest_route=%2Fwp%2Fv2%2Fcomments&post=3143"}],"version-history":[{"count":0,"href":"https:\/\/www.tour-blog.de\/index.php?rest_route=\/wp\/v2\/posts\/3143\/revisions"}],"wp:attachment":[{"href":"https:\/\/www.tour-blog.de\/index.php?rest_route=%2Fwp%2Fv2%2Fmedia&parent=3143"}],"wp:term":[{"taxonomy":"category","embeddable":true,"href":"https:\/\/www.tour-blog.de\/index.php?rest_route=%2Fwp%2Fv2%2Fcategories&post=3143"},{"taxonomy":"post_tag","embeddable":true,"href":"https:\/\/www.tour-blog.de\/index.php?rest_route=%2Fwp%2Fv2%2Ftags&post=3143"}],"curies":[{"name":"wp","href":"https:\/\/api.w.org\/{rel}","templated":true}]}}