{"id":2875,"date":"2009-12-03T23:34:16","date_gmt":"2009-12-03T22:34:16","guid":{"rendered":"http:\/\/www.tour-blog.de\/?p=2875"},"modified":"2010-12-03T00:04:10","modified_gmt":"2010-12-02T23:04:10","slug":"kurzer-offdayausflug","status":"publish","type":"post","link":"https:\/\/www.tour-blog.de\/?p=2875","title":{"rendered":"Kurzer Offdayausflug"},"content":{"rendered":"<p><a title=\"Zagreb Flughafen\" href=\"https:\/\/www.tour-blog.de\/2009\/12\/Zagreb Flughafen 3000.jpg\" target=\"_blank\"><img loading=\"lazy\" class=\"alignnone\" title=\"Zagreb Flughafen; Bild gr\u00f6\u00dferklickbar\" src=\"https:\/\/www.tour-blog.de\/2009\/12\/Zagreb Flughafen 700.jpg\" alt=\"\" width=\"700\" height=\"147\" \/><\/a><\/p>\n<p>Eigentlich hatten wir ja heute einen Offday, aber ich bin mal eben nach Zagreb gejettet, um eine Vorbesprechung f\u00fcr eine Fernsehaufzeichnung zu machen, die wir dort n\u00e4chsten Mittwoch haben sollen. Oben seht Ihr den internationalen Flughafen Zagreb um ungef\u00e4hr 11:00 Uhr. Auf dem Vorfeld steht genau eine Maschine: die, mit der ich aus Frankfurt kam. Nebenan noch ein paar Sport- und Privatflieger. Es gibt keine &#8222;Einsteigr\u00fcssel&#8220; (keine Ahnung, wie diese Dinger hei\u00dfen, mit denen man vom Terminal direkt ins Flugzeug steigt), sondern man f\u00e4hrt mit dem Bus, oder l\u00e4uft. Abends bei meinem R\u00fcckflug standen f\u00fcnf Maschinen dort, alle von Croatian Airlines, was auch eine gute Quote ist, hat diese Fluggesellschaft doch nur zw\u00f6lf. Der Vorteil des Flughafens liegt aber eindeutig auf der Hand: dadurch das nichts los ist, ist der Sicherheitscheck ganz schnell gemacht, es gibt keine Schlangen.<\/p>\n<p>Das Meeting war dann &#8230;&#8230; interessant. Die Kroaten gehen viele Dinge doch recht sportlich an. Ich bin sehr gespannt, wie&#8217;s wird.<\/p>\n","protected":false},"excerpt":{"rendered":"<p>Eigentlich hatten wir ja heute einen Offday, aber ich bin mal eben nach Zagreb gejettet, um eine Vorbesprechung f\u00fcr eine Fernsehaufzeichnung zu machen, die wir dort n\u00e4chsten Mittwoch haben sollen. Oben seht Ihr den internationalen Flughafen Zagreb um ungef\u00e4hr 11:00 Uhr. Auf dem Vorfeld steht genau eine Maschine: die, mit der ich aus Frankfurt kam. &hellip; <a href=\"https:\/\/www.tour-blog.de\/?p=2875\" class=\"more-link\"><span class=\"screen-reader-text\">\u201eKurzer Offdayausflug\u201c<\/span> weiterlesen<\/a><\/p>\n","protected":false},"author":7,"featured_media":0,"comment_status":"open","ping_status":"open","sticky":false,"template":"","format":"standard","meta":[],"categories":[44,8],"tags":[],"_links":{"self":[{"href":"https:\/\/www.tour-blog.de\/index.php?rest_route=\/wp\/v2\/posts\/2875"}],"collection":[{"href":"https:\/\/www.tour-blog.de\/index.php?rest_route=\/wp\/v2\/posts"}],"about":[{"href":"https:\/\/www.tour-blog.de\/index.php?rest_route=\/wp\/v2\/types\/post"}],"author":[{"embeddable":true,"href":"https:\/\/www.tour-blog.de\/index.php?rest_route=\/wp\/v2\/users\/7"}],"replies":[{"embeddable":true,"href":"https:\/\/www.tour-blog.de\/index.php?rest_route=%2Fwp%2Fv2%2Fcomments&post=2875"}],"version-history":[{"count":0,"href":"https:\/\/www.tour-blog.de\/index.php?rest_route=\/wp\/v2\/posts\/2875\/revisions"}],"wp:attachment":[{"href":"https:\/\/www.tour-blog.de\/index.php?rest_route=%2Fwp%2Fv2%2Fmedia&parent=2875"}],"wp:term":[{"taxonomy":"category","embeddable":true,"href":"https:\/\/www.tour-blog.de\/index.php?rest_route=%2Fwp%2Fv2%2Fcategories&post=2875"},{"taxonomy":"post_tag","embeddable":true,"href":"https:\/\/www.tour-blog.de\/index.php?rest_route=%2Fwp%2Fv2%2Ftags&post=2875"}],"curies":[{"name":"wp","href":"https:\/\/api.w.org\/{rel}","templated":true}]}}