{"id":28,"date":"2006-01-29T23:44:28","date_gmt":"2006-01-29T22:44:28","guid":{"rendered":"http:\/\/www.tour-blog.de\/?p=28"},"modified":"2007-01-12T15:32:18","modified_gmt":"2007-01-12T14:32:18","slug":"der-ladetag-ist-uberstanden","status":"publish","type":"post","link":"https:\/\/www.tour-blog.de\/?p=28","title":{"rendered":"Der Ladetag ist \u00fcberstanden"},"content":{"rendered":"<p>Der Tag ist \u00fcberstanden, ich sitze gem\u00fctlich in L\u00fcneburg im Hotel und g\u00f6nne mir mein Feierabendbier. Dabei fing es gar nicht so doll an. P\u00fcnktlich um 09:00 Uhr war ich bei <a target=\"_blank\" title=\"Europcar\" href=\"http:\/\/www.europcar.de\/\">Europcar<\/a> an der Holstenstra\u00dfe, um den Transporter abzuholen. Die Scheiben des Fahrzeugs waren vereist, er war weder von innen, noch von au\u00dfen saubergemacht und hinten auf der Ladefl\u00e4che lag noch M\u00fcll des Vormieters. Ein Hinweis meinerseits an einen Stationsmitarbeiter hat ihn aber nicht sonderlich interessiert, so da\u00df ich dann mit der dreckigen Sch\u00fcssel losgezogen bin. Wie hei\u00dft doch so sch\u00f6n der Werbeslogan: you rent a lot more than a car&#8230;..<\/p>\n<p>Dann also zu mir, das Officecase und mein Toolcase eingeladen und nat\u00fcrlich meine Klamotten f\u00fcr die n\u00e4chsten drei Wochen. Und hurtig in Richtung <a target=\"_blank\" title=\"Ossy Ostendorf\" href=\"http:\/\/www.ossy.de\">Ossy<\/a>. Ossy hat sein Lager in Schee\u00dfel, einer kleinen Stadt zwischen Hamburg und Bremen, in der jedes Jahr das <a target=\"_blank\" title=\"Hurrican\" href=\"http:\/\/www.hurricane.de\/\">Hurrican &#8211; Festival<\/a> stattfindet. Ossys Spezialit\u00e4t ist der Verleih von Backline, also allen erdenklichen Musikinstrumenten, aber auch von Cases (Kisten) zum Transport von Instrumenten. Nun haben unsere Musiker alle Instrumente, die sie ben\u00f6tigen, nur eben die Kisten nicht.<\/p>\n<p>Auf dem Weg von Ossy zu <a target=\"_blank\" title=\"Teddy G\u00f6tz\" href=\"http:\/\/www.tourservicelichtdesign.de\/\">Teddy G\u00f6tz<\/a>, dem Verleiher unserer Lichttechnik, kommt man am <a target=\"_blank\" title=\"Heide-Park\" href=\"http:\/\/www.heidepark.de\">Heide-Park<\/a> vorbei. Ich war dort erst vor wenigen Wochen und jetzt, da der Park geschlossen ist, herrscht dort eine ganz merkw\u00fcrdige Atmosph\u00e4re. Von weitem konnte man die riesige Holzachterbahn sehen und die sieht verschneit schon sehr witzig aus. Bl\u00f6derweise habe ich vergessen, ein Photo zu machen. Zeitgleich mit mir kam auch Hammer, unser Trucker, bei Teddy am Lager an. Er war vorher schon bei <a target=\"_blank\" title=\"Sound Linear\" href=\"http:\/\/www.sound-linear.de\/\">Sound Linear<\/a>, unserer Tonfirma, und hatte dort das Tonmaterial eingesammelt. Die Speditionsfirmen, die Tourneen betreuen, sind mit normalen Speditionen, die Gem\u00fcse, Computer, oder sonstige Dinge transportieren, nicht zu vergleichen. Es gibt deutschlandweit nur eine knappe handvoll Firmen, die das wirklich k\u00f6nnen. Und so stehen kurz vor dem Laden unser gro\u00dfer Tourtruck und mein kleiner Transporter eintr\u00e4chtig nebeneinander<\/p>\n<div style=\"text-align: center\"><img alt=\"Unsere Trucks der Annett Louisan - Tour\" title=\"Unsere Trucks der Annett Louisan - Tour\" src=\"https:\/\/www.tour-blog.de\/2006\/01\/Truck.jpg\" \/><\/div>\n<p>Drinnen im Lager werden noch die letzten Kabel zusammengepackt und Material gepr\u00fcft, das heute morgen erst von einer anderen Tournee zur\u00fcckgekommen ist. Alles was wir mitnehmen soll ja auch in Ordnung sein. Und so kommt da ein ganz sch\u00f6ner Haufen zusammen \u2014 wir sind nicht ganz sicher, da\u00df das auch alles in den LKW passen wird.<\/p>\n<div style=\"text-align: center\"><img alt=\"Im Lager von Tour Service, Bielefeld\" title=\"Im Lager von Tour Service, Bielefeld\" src=\"https:\/\/www.tour-blog.de\/2006\/01\/Lager.jpg\" \/><\/div>\n<p>Zum Gl\u00fcck ist Hammer ein echter Profi, schon seit vielen Jahren im Rock &#8217;n&#8216; Roll unterwegs, und so sieht es am Ende recht entspannt aus. Die in L\u00fcneburg und Hannover noch zus\u00e4tzlich kommenden Cases vom Catering (unserer mitreisenden K\u00fcche) und Merchandising (dem Fanartikelverkauf) werden auch noch passen. Sch\u00f6n. Auf dem Photo seht Ihr Hammer noch mitten in Action.<\/p>\n<div style=\"text-align: center\"><img alt=\"Hammer beim ersten Laden\" title=\"Hammer beim ersten Laden\" src=\"https:\/\/www.tour-blog.de\/2006\/01\/Truckladen.jpg\" \/><\/div>\n<p>Nach dem Schlie\u00dfen der Truckt\u00fcren sind wir nun nach L\u00fcneburg gegondelt (immer wenn ich auf der A7 an der Ausfahrt &#8222;Hodenhagen&#8220; vorbeikomme, mu\u00df ich ja ziemlich grinsen) und da sind wir jetzt. Morgen um 08:00 geht dann der Aufbau los.<\/p>\n","protected":false},"excerpt":{"rendered":"<p>Der Tag ist \u00fcberstanden, ich sitze gem\u00fctlich in L\u00fcneburg im Hotel und g\u00f6nne mir mein Feierabendbier. Dabei fing es gar nicht so doll an. P\u00fcnktlich um 09:00 Uhr war ich bei Europcar an der Holstenstra\u00dfe, um den Transporter abzuholen. Die Scheiben des Fahrzeugs waren vereist, er war weder von innen, noch von au\u00dfen saubergemacht und &hellip; <a href=\"https:\/\/www.tour-blog.de\/?p=28\" class=\"more-link\"><span class=\"screen-reader-text\">\u201eDer Ladetag ist \u00fcberstanden\u201c<\/span> weiterlesen<\/a><\/p>\n","protected":false},"author":7,"featured_media":0,"comment_status":"open","ping_status":"open","sticky":false,"template":"","format":"standard","meta":[],"categories":[11],"tags":[],"_links":{"self":[{"href":"https:\/\/www.tour-blog.de\/index.php?rest_route=\/wp\/v2\/posts\/28"}],"collection":[{"href":"https:\/\/www.tour-blog.de\/index.php?rest_route=\/wp\/v2\/posts"}],"about":[{"href":"https:\/\/www.tour-blog.de\/index.php?rest_route=\/wp\/v2\/types\/post"}],"author":[{"embeddable":true,"href":"https:\/\/www.tour-blog.de\/index.php?rest_route=\/wp\/v2\/users\/7"}],"replies":[{"embeddable":true,"href":"https:\/\/www.tour-blog.de\/index.php?rest_route=%2Fwp%2Fv2%2Fcomments&post=28"}],"version-history":[{"count":0,"href":"https:\/\/www.tour-blog.de\/index.php?rest_route=\/wp\/v2\/posts\/28\/revisions"}],"wp:attachment":[{"href":"https:\/\/www.tour-blog.de\/index.php?rest_route=%2Fwp%2Fv2%2Fmedia&parent=28"}],"wp:term":[{"taxonomy":"category","embeddable":true,"href":"https:\/\/www.tour-blog.de\/index.php?rest_route=%2Fwp%2Fv2%2Fcategories&post=28"},{"taxonomy":"post_tag","embeddable":true,"href":"https:\/\/www.tour-blog.de\/index.php?rest_route=%2Fwp%2Fv2%2Ftags&post=28"}],"curies":[{"name":"wp","href":"https:\/\/api.w.org\/{rel}","templated":true}]}}