{"id":275,"date":"2006-05-09T23:38:02","date_gmt":"2006-05-09T22:38:02","guid":{"rendered":"http:\/\/www.tour-blog.de\/?p=275"},"modified":"2006-05-10T23:36:56","modified_gmt":"2006-05-10T22:36:56","slug":"amis","status":"publish","type":"post","link":"https:\/\/www.tour-blog.de\/?p=275","title":{"rendered":"Amis"},"content":{"rendered":"<p>Zum Schlu\u00df des Tages noch was ganz, ganz anderes: vor ein paar Tagen hatte ich ja \u00fcber die \u00dcberheblichkeit der Amis <a target=\"_blank\" title=\"Gel\u00e4ster \u00fcber die Amis\" href=\"https:\/\/www.tour-blog.de\/?p=265\">abgel\u00e4stert<\/a> und war von Dirk daf\u00fcr kritisiert worden. Heute Abend erz\u00e4hlt mir dann ein Kollege, den ich hier namentlich nicht nennen m\u00f6chte (weil er n\u00e4mlich sonst richtig \u00c4rger bekommt), da\u00df unsere lieben amerikanischen Freunde sich bei der Einrichtung des europ\u00e4ischen Teils der <a target=\"_blank\" title=\"Bon Jovi\" href=\"http:\/\/www.bonjovi.de\/\">Bon Jovi<\/a> &#8211; Tour mal wieder richtig sch\u00f6n was rausgenommen haben.<\/p>\n<p>Es ist so, da\u00df die auf B\u00fchnen verwendete Stoffe in old Europe schwer entflammbar sein m\u00fcssen und da\u00df man Zertifikate dar\u00fcber mitf\u00fchren mu\u00df. Die Amis haben sich gedacht, da\u00df sie einfach f\u00fcr den Stoff den sie haben eine eidesstattliche Versicherung dar\u00fcber abgeben, da\u00df der Stoff schwer entflammbar sei und gut. Leider ist das Material aber spontanverbrennend und leider sind die dummen Deutschen dahintergekommen. Zu schade aber auch, da\u00df jetzt extra in einer Nacht und Nebel &#8211; Aktion die komplette B\u00fchnenverkleidung neu gen\u00e4ht werden mu\u00df&#8230;&#8230;<\/p>\n<p>Kleines Update, die Geschichte geht noch weiter, ist aber zum jetzigen Zeitpunkt leider nicht zu erz\u00e4hlen&#8230;. Die spinnen, die <strike>R\u00f6mer<\/strike>.<\/p>\n","protected":false},"excerpt":{"rendered":"<p>Zum Schlu\u00df des Tages noch was ganz, ganz anderes: vor ein paar Tagen hatte ich ja \u00fcber die \u00dcberheblichkeit der Amis abgel\u00e4stert und war von Dirk daf\u00fcr kritisiert worden. Heute Abend erz\u00e4hlt mir dann ein Kollege, den ich hier namentlich nicht nennen m\u00f6chte (weil er n\u00e4mlich sonst richtig \u00c4rger bekommt), da\u00df unsere lieben amerikanischen Freunde &hellip; <a href=\"https:\/\/www.tour-blog.de\/?p=275\" class=\"more-link\"><span class=\"screen-reader-text\">\u201eAmis\u201c<\/span> weiterlesen<\/a><\/p>\n","protected":false},"author":7,"featured_media":0,"comment_status":"open","ping_status":"open","sticky":false,"template":"","format":"standard","meta":[],"categories":[3],"tags":[],"_links":{"self":[{"href":"https:\/\/www.tour-blog.de\/index.php?rest_route=\/wp\/v2\/posts\/275"}],"collection":[{"href":"https:\/\/www.tour-blog.de\/index.php?rest_route=\/wp\/v2\/posts"}],"about":[{"href":"https:\/\/www.tour-blog.de\/index.php?rest_route=\/wp\/v2\/types\/post"}],"author":[{"embeddable":true,"href":"https:\/\/www.tour-blog.de\/index.php?rest_route=\/wp\/v2\/users\/7"}],"replies":[{"embeddable":true,"href":"https:\/\/www.tour-blog.de\/index.php?rest_route=%2Fwp%2Fv2%2Fcomments&post=275"}],"version-history":[{"count":0,"href":"https:\/\/www.tour-blog.de\/index.php?rest_route=\/wp\/v2\/posts\/275\/revisions"}],"wp:attachment":[{"href":"https:\/\/www.tour-blog.de\/index.php?rest_route=%2Fwp%2Fv2%2Fmedia&parent=275"}],"wp:term":[{"taxonomy":"category","embeddable":true,"href":"https:\/\/www.tour-blog.de\/index.php?rest_route=%2Fwp%2Fv2%2Fcategories&post=275"},{"taxonomy":"post_tag","embeddable":true,"href":"https:\/\/www.tour-blog.de\/index.php?rest_route=%2Fwp%2Fv2%2Ftags&post=275"}],"curies":[{"name":"wp","href":"https:\/\/api.w.org\/{rel}","templated":true}]}}