{"id":2700,"date":"2009-09-12T15:39:13","date_gmt":"2009-09-12T13:39:13","guid":{"rendered":"http:\/\/www.tour-blog.de\/?p=2700"},"modified":"2009-09-12T15:39:13","modified_gmt":"2009-09-12T13:39:13","slug":"schanzenviertel","status":"publish","type":"post","link":"https:\/\/www.tour-blog.de\/?p=2700","title":{"rendered":"Schanzenviertel"},"content":{"rendered":"<p style=\"text-align: center;\"><img loading=\"lazy\" class=\"aligncenter\" title=\"Schanzenviertel in Hamburg\" src=\"https:\/\/www.tour-blog.de\/2009\/09\/Schanze 1.jpg\" alt=\"\" width=\"500\" height=\"747\" \/><\/p>\n<p>Heute ist wieder Schanzenfest. Ich war nur kurz dort und es war absolut ruhig \u2014\u00a0 es ist ja noch Tag. Heute Abend werde ich mir den Schwachsinn nicht wieder antun. Die Schlacht gestern Abend fand ich schon \u00fcberfl\u00fcssig. 100 Nazis, 1.000 die Nazis sch\u00fctzende Polizisten und 2.000 pr\u00fcgelwillige Gegendemonstranten. Da stimmen die Verh\u00e4ltnisse nicht.<\/p>\n<p style=\"text-align: center;\"><img class=\"aligncenter\" title=\"Schanzenviertel in Hamburg\" src=\"https:\/\/www.tour-blog.de\/2009\/09\/Schanze 2.jpg\" alt=\"\" \/><\/p>\n<p>Ich mag das Viertel. Es hat seinen eigenen Charme, der durch die H\u00e4user und die Menschen gepr\u00e4gt wird, die in den H\u00e4usern wohnen und arbeiten. Dieser Charme wird sich ver\u00e4ndern, wie sich alles im Leben ver\u00e4ndert. Das ist nicht aufzuhalten. Es werden noch mehr schicksige Werber kommen, das Viertel wird seinen Charme verlieren und wieder zusammensinken. Zwischenzeitlich werden andere Viertel angesagt sein. Trotzdem wohne ich gern hier.<\/p>\n","protected":false},"excerpt":{"rendered":"<p>Heute ist wieder Schanzenfest. Ich war nur kurz dort und es war absolut ruhig \u2014\u00a0 es ist ja noch Tag. Heute Abend werde ich mir den Schwachsinn nicht wieder antun. Die Schlacht gestern Abend fand ich schon \u00fcberfl\u00fcssig. 100 Nazis, 1.000 die Nazis sch\u00fctzende Polizisten und 2.000 pr\u00fcgelwillige Gegendemonstranten. Da stimmen die Verh\u00e4ltnisse nicht. Ich &hellip; <a href=\"https:\/\/www.tour-blog.de\/?p=2700\" class=\"more-link\"><span class=\"screen-reader-text\">\u201eSchanzenviertel\u201c<\/span> weiterlesen<\/a><\/p>\n","protected":false},"author":7,"featured_media":0,"comment_status":"open","ping_status":"open","sticky":false,"template":"","format":"standard","meta":[],"categories":[8],"tags":[],"_links":{"self":[{"href":"https:\/\/www.tour-blog.de\/index.php?rest_route=\/wp\/v2\/posts\/2700"}],"collection":[{"href":"https:\/\/www.tour-blog.de\/index.php?rest_route=\/wp\/v2\/posts"}],"about":[{"href":"https:\/\/www.tour-blog.de\/index.php?rest_route=\/wp\/v2\/types\/post"}],"author":[{"embeddable":true,"href":"https:\/\/www.tour-blog.de\/index.php?rest_route=\/wp\/v2\/users\/7"}],"replies":[{"embeddable":true,"href":"https:\/\/www.tour-blog.de\/index.php?rest_route=%2Fwp%2Fv2%2Fcomments&post=2700"}],"version-history":[{"count":0,"href":"https:\/\/www.tour-blog.de\/index.php?rest_route=\/wp\/v2\/posts\/2700\/revisions"}],"wp:attachment":[{"href":"https:\/\/www.tour-blog.de\/index.php?rest_route=%2Fwp%2Fv2%2Fmedia&parent=2700"}],"wp:term":[{"taxonomy":"category","embeddable":true,"href":"https:\/\/www.tour-blog.de\/index.php?rest_route=%2Fwp%2Fv2%2Fcategories&post=2700"},{"taxonomy":"post_tag","embeddable":true,"href":"https:\/\/www.tour-blog.de\/index.php?rest_route=%2Fwp%2Fv2%2Ftags&post=2700"}],"curies":[{"name":"wp","href":"https:\/\/api.w.org\/{rel}","templated":true}]}}