{"id":270,"date":"2006-05-08T09:41:30","date_gmt":"2006-05-08T08:41:30","guid":{"rendered":"http:\/\/www.tour-blog.de\/?p=270"},"modified":"2006-05-08T09:47:42","modified_gmt":"2006-05-08T08:47:42","slug":"umts","status":"publish","type":"post","link":"https:\/\/www.tour-blog.de\/?p=270","title":{"rendered":"UMTS"},"content":{"rendered":"<div style=\"text-align: center\"><img title=\"UMTS - Karte\" alt=\"UMTS - Karte\" src=\"https:\/\/www.tour-blog.de\/wp-content\/uploads\/2006\/05\/UMTS.jpg\" \/><\/div>\n<p>Seit heute bin ich stolzer Besitzer einer UMTS &#8211; Broadbandkarte. Jawoll. Mittlerweile sind die Preise ja doch \u00fcbersichtlich gesunken, es gibt eine Flatrate, da kann man das ja mal riskieren. Es hat den Vorteil, da\u00df ich auf Tour nicht mehr mit Modemgeschwindigkeit durch&#8217;s Web zuckeln mu\u00df und auch in den Hotels braucht man nicht mehr diese Wahnsinnspreise f\u00fcr W-LAN zahlen. Im Ausland allerdings sind die Tarife ja dann doch noch unglaublich hoch, da mu\u00df ich mir f\u00fcr den Herbst noch was einfallen lassen. Wei\u00df jemand, wie man in \u00d6sterreich (speziell Wien) m\u00f6glichst g\u00fcnstig ins Netz kommt ?  Ich bin da im Herbst n\u00e4mlich zwei Wochen und da lohnen sich \u00dcberlegungen ja doch.<\/p>\n<p>Au\u00dferdem, so ganz nebenher, finde ich dieses M\u00e4del in dem Vodafone &#8211; Begleitheft sehr s\u00fc\u00df&#8230;.<\/p>\n","protected":false},"excerpt":{"rendered":"<p>Seit heute bin ich stolzer Besitzer einer UMTS &#8211; Broadbandkarte. Jawoll. Mittlerweile sind die Preise ja doch \u00fcbersichtlich gesunken, es gibt eine Flatrate, da kann man das ja mal riskieren. Es hat den Vorteil, da\u00df ich auf Tour nicht mehr mit Modemgeschwindigkeit durch&#8217;s Web zuckeln mu\u00df und auch in den Hotels braucht man nicht mehr &hellip; <a href=\"https:\/\/www.tour-blog.de\/?p=270\" class=\"more-link\"><span class=\"screen-reader-text\">\u201eUMTS\u201c<\/span> weiterlesen<\/a><\/p>\n","protected":false},"author":7,"featured_media":0,"comment_status":"open","ping_status":"open","sticky":false,"template":"","format":"standard","meta":[],"categories":[3],"tags":[],"_links":{"self":[{"href":"https:\/\/www.tour-blog.de\/index.php?rest_route=\/wp\/v2\/posts\/270"}],"collection":[{"href":"https:\/\/www.tour-blog.de\/index.php?rest_route=\/wp\/v2\/posts"}],"about":[{"href":"https:\/\/www.tour-blog.de\/index.php?rest_route=\/wp\/v2\/types\/post"}],"author":[{"embeddable":true,"href":"https:\/\/www.tour-blog.de\/index.php?rest_route=\/wp\/v2\/users\/7"}],"replies":[{"embeddable":true,"href":"https:\/\/www.tour-blog.de\/index.php?rest_route=%2Fwp%2Fv2%2Fcomments&post=270"}],"version-history":[{"count":0,"href":"https:\/\/www.tour-blog.de\/index.php?rest_route=\/wp\/v2\/posts\/270\/revisions"}],"wp:attachment":[{"href":"https:\/\/www.tour-blog.de\/index.php?rest_route=%2Fwp%2Fv2%2Fmedia&parent=270"}],"wp:term":[{"taxonomy":"category","embeddable":true,"href":"https:\/\/www.tour-blog.de\/index.php?rest_route=%2Fwp%2Fv2%2Fcategories&post=270"},{"taxonomy":"post_tag","embeddable":true,"href":"https:\/\/www.tour-blog.de\/index.php?rest_route=%2Fwp%2Fv2%2Ftags&post=270"}],"curies":[{"name":"wp","href":"https:\/\/api.w.org\/{rel}","templated":true}]}}