{"id":2627,"date":"2009-08-12T18:09:53","date_gmt":"2009-08-12T16:09:53","guid":{"rendered":"http:\/\/www.tour-blog.de\/?p=2627"},"modified":"2010-08-12T09:08:28","modified_gmt":"2010-08-12T07:08:28","slug":"flug-zum-mars","status":"publish","type":"post","link":"https:\/\/www.tour-blog.de\/?p=2627","title":{"rendered":"Flug zum Mars"},"content":{"rendered":"<p>Die derzeitige Tour von U2 ist ziemlich klasse f\u00fcr unsere Branche. Immerhin mit 120 Trucks ist die Kapelle unterwegs, um B\u00fchne(n) und Technik durch die Welt zu fahren. Ob das angemessen ist, ist sicher Ansichtssache. Deutlichen Gegenwind bekommt die Combo jetzt allerdings von den Medien: der britische Guardian bezeichnete die Tour in seinen Ausma\u00dfen als &#8222;\u00f6kologisch zunehmend inakzeptabel&#8220;, die New York Times bemerkt eine deutliche Diskrepanz zwischen \u00f6kologischen Aussagen und \u00f6kologischem Verhalten der Band. Die britische Umweltorganisation Carbon footprint errechnete, da\u00df nur der Transport von Mensch und Maschine bei der kompletten Tour so viel Energie verbrauche, wie ein Flug zum Mars und wieder zur\u00fcck, der Stromverbrauch so hoch sei, da\u00df man eine (ab n\u00e4chsten Monat ja nicht mehr erh\u00e4ltliche) klassische 100W &#8211; Gl\u00fchbirne 159.000 Jahre brennen lassen k\u00f6nne.<\/p>\n<p>There&#8217;s a light &#8230; burnig over Frankenstein&#8217;s place. There&#8217;s a Li-hi-hi-hi-hight&#8230;<\/p>\n<p>\u00c4h&#8230;&#8230; anderes Thema. Da\u00df wir auf Tour nicht klassischerweise mit Energiesparlampen unterwegs sind, ist wohl tats\u00e4chlich so. Auch wenn der Anteil von LED &#8211; Lampen mittlerweile recht hoch ist. Allerdings werden es dann daf\u00fcr eher mehr Lampen. Ich glaube eher nicht, da\u00df der Stromverbrauch einer typischen Show durch die LEDs tats\u00e4chlich gesunken ist.<\/p>\n","protected":false},"excerpt":{"rendered":"<p>Die derzeitige Tour von U2 ist ziemlich klasse f\u00fcr unsere Branche. Immerhin mit 120 Trucks ist die Kapelle unterwegs, um B\u00fchne(n) und Technik durch die Welt zu fahren. Ob das angemessen ist, ist sicher Ansichtssache. Deutlichen Gegenwind bekommt die Combo jetzt allerdings von den Medien: der britische Guardian bezeichnete die Tour in seinen Ausma\u00dfen als &hellip; <a href=\"https:\/\/www.tour-blog.de\/?p=2627\" class=\"more-link\"><span class=\"screen-reader-text\">\u201eFlug zum Mars\u201c<\/span> weiterlesen<\/a><\/p>\n","protected":false},"author":7,"featured_media":0,"comment_status":"open","ping_status":"open","sticky":false,"template":"","format":"standard","meta":[],"categories":[2],"tags":[],"_links":{"self":[{"href":"https:\/\/www.tour-blog.de\/index.php?rest_route=\/wp\/v2\/posts\/2627"}],"collection":[{"href":"https:\/\/www.tour-blog.de\/index.php?rest_route=\/wp\/v2\/posts"}],"about":[{"href":"https:\/\/www.tour-blog.de\/index.php?rest_route=\/wp\/v2\/types\/post"}],"author":[{"embeddable":true,"href":"https:\/\/www.tour-blog.de\/index.php?rest_route=\/wp\/v2\/users\/7"}],"replies":[{"embeddable":true,"href":"https:\/\/www.tour-blog.de\/index.php?rest_route=%2Fwp%2Fv2%2Fcomments&post=2627"}],"version-history":[{"count":0,"href":"https:\/\/www.tour-blog.de\/index.php?rest_route=\/wp\/v2\/posts\/2627\/revisions"}],"wp:attachment":[{"href":"https:\/\/www.tour-blog.de\/index.php?rest_route=%2Fwp%2Fv2%2Fmedia&parent=2627"}],"wp:term":[{"taxonomy":"category","embeddable":true,"href":"https:\/\/www.tour-blog.de\/index.php?rest_route=%2Fwp%2Fv2%2Fcategories&post=2627"},{"taxonomy":"post_tag","embeddable":true,"href":"https:\/\/www.tour-blog.de\/index.php?rest_route=%2Fwp%2Fv2%2Ftags&post=2627"}],"curies":[{"name":"wp","href":"https:\/\/api.w.org\/{rel}","templated":true}]}}