{"id":2603,"date":"2009-08-05T14:36:23","date_gmt":"2009-08-05T12:36:23","guid":{"rendered":"http:\/\/www.tour-blog.de\/?p=2603"},"modified":"2010-08-05T00:53:22","modified_gmt":"2010-08-04T22:53:22","slug":"der-frequenzarger","status":"publish","type":"post","link":"https:\/\/www.tour-blog.de\/?p=2603","title":{"rendered":"Der Frequenz\u00e4rger"},"content":{"rendered":"<p>Das ZDF hat einen sehr sch\u00f6nen und auch f\u00fcr Laien einfach verst\u00e4ndlichen Beitrag zu den Frequenznutzungsproblemen gedreht, die uns Veranstaltungstechnikern (und nat\u00fcrlich auch dem ZDF) in Zukunft ins Haus stehen. Schaut ihn Euch an.<\/p>\n","protected":false},"excerpt":{"rendered":"<p>Das ZDF hat einen sehr sch\u00f6nen und auch f\u00fcr Laien einfach verst\u00e4ndlichen Beitrag zu den Frequenznutzungsproblemen gedreht, die uns Veranstaltungstechnikern (und nat\u00fcrlich auch dem ZDF) in Zukunft ins Haus stehen. Schaut ihn Euch an.<\/p>\n","protected":false},"author":7,"featured_media":0,"comment_status":"open","ping_status":"open","sticky":false,"template":"","format":"standard","meta":[],"categories":[3],"tags":[],"_links":{"self":[{"href":"https:\/\/www.tour-blog.de\/index.php?rest_route=\/wp\/v2\/posts\/2603"}],"collection":[{"href":"https:\/\/www.tour-blog.de\/index.php?rest_route=\/wp\/v2\/posts"}],"about":[{"href":"https:\/\/www.tour-blog.de\/index.php?rest_route=\/wp\/v2\/types\/post"}],"author":[{"embeddable":true,"href":"https:\/\/www.tour-blog.de\/index.php?rest_route=\/wp\/v2\/users\/7"}],"replies":[{"embeddable":true,"href":"https:\/\/www.tour-blog.de\/index.php?rest_route=%2Fwp%2Fv2%2Fcomments&post=2603"}],"version-history":[{"count":0,"href":"https:\/\/www.tour-blog.de\/index.php?rest_route=\/wp\/v2\/posts\/2603\/revisions"}],"wp:attachment":[{"href":"https:\/\/www.tour-blog.de\/index.php?rest_route=%2Fwp%2Fv2%2Fmedia&parent=2603"}],"wp:term":[{"taxonomy":"category","embeddable":true,"href":"https:\/\/www.tour-blog.de\/index.php?rest_route=%2Fwp%2Fv2%2Fcategories&post=2603"},{"taxonomy":"post_tag","embeddable":true,"href":"https:\/\/www.tour-blog.de\/index.php?rest_route=%2Fwp%2Fv2%2Ftags&post=2603"}],"curies":[{"name":"wp","href":"https:\/\/api.w.org\/{rel}","templated":true}]}}