{"id":2505,"date":"2009-07-05T16:56:31","date_gmt":"2009-07-05T14:56:31","guid":{"rendered":"http:\/\/www.tour-blog.de\/?p=2505"},"modified":"2009-07-05T16:56:31","modified_gmt":"2009-07-05T14:56:31","slug":"schanzenfest-%e2%80%94-am-tag-danach","status":"publish","type":"post","link":"https:\/\/www.tour-blog.de\/?p=2505","title":{"rendered":"Schanzenfest \u2014 am Tag danach"},"content":{"rendered":"<p><img loading=\"lazy\" class=\"alignnone\" title=\"zerschlagene Schaufensterscheiben nach dem Schanzenfest 2009\" src=\"https:\/\/www.tour-blog.de\/2009\/07\/Schanze\/Schanzenfest 21.jpg\" alt=\"\" width=\"700\" height=\"469\" \/><\/p>\n<p>Am Tag danach habe ich einen ausgiebigen Spaziergang durch das Schanzenviertel gemacht. Ich wollte einfach mal sehen, was denn alles zu Bruch gegangen ist. Bei drei direkt nebeneinanderliegenden Gesch\u00e4ften auf der Schanzenstra\u00dfe wurden die Scheiben von Yuppiel\u00e4den eingeschlagen. <span style=\"text-decoration: line-through;\">Wenn ich mir die Presseberichterstattung dazu anschaue, dann ist nicht klar, ob dies tats\u00e4chlich gestern Abend, oder aber schon am Abend zuvor geschehen ist.<\/span> Im Viertel wohnende Freunde erz\u00e4hlen allerdings, da\u00df der Schaden schon in der Nacht zuvor geschah. Ansonsten sieht es im Viertel so aus wie immer am Sonntag.<\/p>\n<p>In den Medien ist zu lesen, da\u00df dieses Jahr der &#8222;Mob&#8220; besonders gewaltbereit gewesen sei. Zumindest \u00e4u\u00dferlich sieht es auf der Schanze insgesamt ziviler aus als letztes Jahr beispielsweise. Es stellt sich also f\u00fcr mich die Frage, ob diese Formulierung eine \u00fcbliche Floskel ist (auch in den letzten Jahren gab es ja solche \u00c4u\u00dferungen) und ich sie nicht weiter ernstnehmen kann, oder ob an anderer Stelle da tats\u00e4chlich etwas Wahres dran ist.<\/p>\n<p>Grunds\u00e4tzlich finde auch ich die Verschicksung des Schanzenviertels sehr bedauerlich. Allerdings halte ich Sachbesch\u00e4digung f\u00fcr einen ziemlich beknackten Weg, daran etwas zu \u00e4ndern. Ich schaffe so nur M\u00e4rtyrer und ver\u00e4ndere nichts. Wenn ich also gegen die Entwicklung bin, dann kann ich entstehende Gesch\u00e4fte mit ihren ganz eigenen Methoden bek\u00e4mpfen: in dem ich einfach nicht hingehe.<\/p>\n<p>Der Innensenator mu\u00df sich konstruktiv mit den Anwohnern zusammensetzen und f\u00fcr das n\u00e4chste Jahr ein schl\u00fcssiges Konzept entwickeln. Es kann nicht sein, da\u00df die Polizei mit ihrem &#8222;Wir haben hier den L\u00e4ngsten&#8220; &#8211; Gehabe die Situation mehr formt, als ein paar verblendete Jugendliche.<\/p>\n","protected":false},"excerpt":{"rendered":"<p>Am Tag danach habe ich einen ausgiebigen Spaziergang durch das Schanzenviertel gemacht. Ich wollte einfach mal sehen, was denn alles zu Bruch gegangen ist. Bei drei direkt nebeneinanderliegenden Gesch\u00e4ften auf der Schanzenstra\u00dfe wurden die Scheiben von Yuppiel\u00e4den eingeschlagen. Wenn ich mir die Presseberichterstattung dazu anschaue, dann ist nicht klar, ob dies tats\u00e4chlich gestern Abend, oder &hellip; <a href=\"https:\/\/www.tour-blog.de\/?p=2505\" class=\"more-link\"><span class=\"screen-reader-text\">\u201eSchanzenfest \u2014 am Tag danach\u201c<\/span> weiterlesen<\/a><\/p>\n","protected":false},"author":7,"featured_media":0,"comment_status":"open","ping_status":"open","sticky":false,"template":"","format":"standard","meta":[],"categories":[8],"tags":[],"_links":{"self":[{"href":"https:\/\/www.tour-blog.de\/index.php?rest_route=\/wp\/v2\/posts\/2505"}],"collection":[{"href":"https:\/\/www.tour-blog.de\/index.php?rest_route=\/wp\/v2\/posts"}],"about":[{"href":"https:\/\/www.tour-blog.de\/index.php?rest_route=\/wp\/v2\/types\/post"}],"author":[{"embeddable":true,"href":"https:\/\/www.tour-blog.de\/index.php?rest_route=\/wp\/v2\/users\/7"}],"replies":[{"embeddable":true,"href":"https:\/\/www.tour-blog.de\/index.php?rest_route=%2Fwp%2Fv2%2Fcomments&post=2505"}],"version-history":[{"count":0,"href":"https:\/\/www.tour-blog.de\/index.php?rest_route=\/wp\/v2\/posts\/2505\/revisions"}],"wp:attachment":[{"href":"https:\/\/www.tour-blog.de\/index.php?rest_route=%2Fwp%2Fv2%2Fmedia&parent=2505"}],"wp:term":[{"taxonomy":"category","embeddable":true,"href":"https:\/\/www.tour-blog.de\/index.php?rest_route=%2Fwp%2Fv2%2Fcategories&post=2505"},{"taxonomy":"post_tag","embeddable":true,"href":"https:\/\/www.tour-blog.de\/index.php?rest_route=%2Fwp%2Fv2%2Ftags&post=2505"}],"curies":[{"name":"wp","href":"https:\/\/api.w.org\/{rel}","templated":true}]}}