{"id":2475,"date":"2009-06-27T01:27:19","date_gmt":"2009-06-26T23:27:19","guid":{"rendered":"http:\/\/www.tour-blog.de\/?p=2475"},"modified":"2010-06-27T00:46:57","modified_gmt":"2010-06-26T22:46:57","slug":"beruhrt","status":"publish","type":"post","link":"https:\/\/www.tour-blog.de\/?p=2475","title":{"rendered":"ber\u00fchrt"},"content":{"rendered":"<p style=\"text-align: center;\"><img loading=\"lazy\" class=\"aligncenter\" title=\"Astrid North bei der Lausch Lounge\" src=\"https:\/\/www.tour-blog.de\/2009\/06\/Lounge\/Astrid.jpg\" alt=\"\" width=\"500\" height=\"720\" \/><\/p>\n<p>Heute Abend war ich wie angek\u00fcndigt bei der <a title=\"LauschLounge\" href=\"http:\/\/www.lauschlounge.de\/\" target=\"_blank\">LauschLounge<\/a> und ich bin \u00fcberw\u00e4ltigt. Eigentlich war ich mir sicher, da\u00df der wundersch\u00f6ne Abend nicht mehr zu toppen sei. Das glaubte ich so lange, bis als letztes <a title=\"Astrid North\" href=\"http:\/\/www.myspace.com\/astridnorth\" target=\"_blank\">Astrid North<\/a> zu singen begann. Was f\u00fcr eine Stimme !\u00a0 Was f\u00fcr eine Ausstrahlung !\u00a0 Mit einer ganz bescheidenen Selbstverst\u00e4ndlichkeit sang sie ihre im wesentlichen ruhigen St\u00fccke und haute mich und auch die anderen Zuschauer einfach um.<\/p>\n<p>\u00dcber&#8217;s Wochenende werde ich von der ganzen Veranstaltung berichten, aber das mu\u00dfte ich noch mal ganz schnell loswerden. Und falls irgendein Labelchef mitliest: Astrid ist zur Zeit ohne Vertrag. Das sollte man schleunigst \u00e4ndern.<\/p>\n","protected":false},"excerpt":{"rendered":"<p>Heute Abend war ich wie angek\u00fcndigt bei der LauschLounge und ich bin \u00fcberw\u00e4ltigt. Eigentlich war ich mir sicher, da\u00df der wundersch\u00f6ne Abend nicht mehr zu toppen sei. Das glaubte ich so lange, bis als letztes Astrid North zu singen begann. Was f\u00fcr eine Stimme !\u00a0 Was f\u00fcr eine Ausstrahlung !\u00a0 Mit einer ganz bescheidenen Selbstverst\u00e4ndlichkeit &hellip; <a href=\"https:\/\/www.tour-blog.de\/?p=2475\" class=\"more-link\"><span class=\"screen-reader-text\">\u201eber\u00fchrt\u201c<\/span> weiterlesen<\/a><\/p>\n","protected":false},"author":7,"featured_media":0,"comment_status":"open","ping_status":"open","sticky":false,"template":"","format":"standard","meta":[],"categories":[35],"tags":[],"_links":{"self":[{"href":"https:\/\/www.tour-blog.de\/index.php?rest_route=\/wp\/v2\/posts\/2475"}],"collection":[{"href":"https:\/\/www.tour-blog.de\/index.php?rest_route=\/wp\/v2\/posts"}],"about":[{"href":"https:\/\/www.tour-blog.de\/index.php?rest_route=\/wp\/v2\/types\/post"}],"author":[{"embeddable":true,"href":"https:\/\/www.tour-blog.de\/index.php?rest_route=\/wp\/v2\/users\/7"}],"replies":[{"embeddable":true,"href":"https:\/\/www.tour-blog.de\/index.php?rest_route=%2Fwp%2Fv2%2Fcomments&post=2475"}],"version-history":[{"count":0,"href":"https:\/\/www.tour-blog.de\/index.php?rest_route=\/wp\/v2\/posts\/2475\/revisions"}],"wp:attachment":[{"href":"https:\/\/www.tour-blog.de\/index.php?rest_route=%2Fwp%2Fv2%2Fmedia&parent=2475"}],"wp:term":[{"taxonomy":"category","embeddable":true,"href":"https:\/\/www.tour-blog.de\/index.php?rest_route=%2Fwp%2Fv2%2Fcategories&post=2475"},{"taxonomy":"post_tag","embeddable":true,"href":"https:\/\/www.tour-blog.de\/index.php?rest_route=%2Fwp%2Fv2%2Ftags&post=2475"}],"curies":[{"name":"wp","href":"https:\/\/api.w.org\/{rel}","templated":true}]}}