{"id":2388,"date":"2009-05-30T14:25:29","date_gmt":"2009-05-30T12:25:29","guid":{"rendered":"http:\/\/www.tour-blog.de\/?p=2388"},"modified":"2009-05-30T14:25:30","modified_gmt":"2009-05-30T12:25:30","slug":"pfingsten","status":"publish","type":"post","link":"https:\/\/www.tour-blog.de\/?p=2388","title":{"rendered":"Pfingsten"},"content":{"rendered":"<p>Am Pfingstsonntag versammelten sich die J\u00fcnger Jesu, um ihm zu gedenken. Da tat sich der Himmel auf, Feuerzungen regneten herab, f\u00fcllten die J\u00fcnger mit dem Geist der Erkenntnis und lie\u00dfen sie in Zungen sprechen, so da\u00df sie von allen verstanden wurden. Diese Geschichte l\u00e4\u00dft mich hoffen, da\u00df dieses auch 2009 geschehe und die Feuerzungen unsere Politiker tr\u00e4fen. Auf da\u00df sie von Erkenntnis erf\u00fcllt mal etwas besseres als Sonderm\u00fcll von sich geben.<\/p>\n<p>Es ist Wahlkampf. Das ist deutlich zu merken. Interessanterweise nat\u00fcrlich nicht Europawahlkampf, diese Wahl wird mal eben auf dem Weg abgefr\u00fchst\u00fcckt, obwohl 84% aller Gesetze und Verordnungen in Deutschland mittlerweile auf europ\u00e4ische Initiativen beruhen. Nein, Bundestagswahlkampf. Und da wird jede noch so kleine Gelegenheit mitgenommen, um sich dem Volke gegen\u00fcber als engagierter Wohlt\u00e4ter zu profilieren. Wenn ich mir die Posse rund um Opel ansehe, dann kann ich kotzen. Alle Wirtschaftsweisen sagen, da\u00df eine geordnete Insolvenz des Autobauers vern\u00fcnftiger (und f\u00fcr den Steuerzahler auch deutlich billiger) sei, aber das ist egal, f\u00fcr l\u00e4ppische 1.500.000.000,00\u20ac kann man doch mal Wahlgeschenke machen. Und auch wenn sich jetzt noch alle zieren, weil sie ja auch von Opel abgelenkt waren, Karstadt wird folgen. Nebenher wird der Bund bei der HRE Investmentbanker. Das ist auch sinnvoll, zeigen die hervorragend gef\u00fchrten Landesbanken ja, da\u00df die Politik sich bestens mit den Gesch\u00e4ften auskennt.<\/p>\n<p>Nun kann man nicht sagen, da\u00df die Politiker das Volk in unverh\u00e4ltnism\u00e4\u00dfige Schulden st\u00fcrzen will. Daf\u00fcr hat man ja gerade erst eine gesetzlich festgeschriebene Schuldenbegrenzung im Bundestag beschlossen. Ab 2015. Bis dahin hat man sicher eine neue Ausrede gefunden, um das Gesetz noch vor der G\u00fcltigkeit wieder zu suspendieren. Denn Schuldengrenzen und Termine f\u00fcr einen ausgeglichenen Haushalt gab es ja schon in der Vergangenheit, ohne da\u00df es jemanden ernsthaft interessiert h\u00e4tte.<\/p>\n<p>Gerne wird von den Politikern eine st\u00e4rkere pers\u00f6nliche Haftung von Gesch\u00e4ftsf\u00fchrern und Vorstandsvorsitzenden gefordert, wenn mal wieder ein Unternehmen crasht. Mal abgesehen davon, da\u00df ich die Idee so schlecht nicht finde, w\u00fcrde ich sie aber gerne ausweiten: auch Politiker sollten f\u00fcr ihr Tun verantwortlich gemacht werden. Und zwar nicht nur per R\u00fccktritt bei vollem Bezug der Altersversorgung, sprich: durch vorzeitige bezahlte Freizeit. Sondern per geordnetem Leben mit Hartz IV. Statt dem Wohl des Volkes zu dienen, ein Schwur, den jeder Minister feierlich ablegt um ihn sogleich wieder zu vergessen, ist die Priorit\u00e4tenliste der aktuellen politischen F\u00fchrungsriege eher: ich, meine Familie, meine Partei und &#8230; da hatte ich doch noch was vergessen &#8230; ach so, ja: der Staat.<\/p>\n","protected":false},"excerpt":{"rendered":"<p>Am Pfingstsonntag versammelten sich die J\u00fcnger Jesu, um ihm zu gedenken. Da tat sich der Himmel auf, Feuerzungen regneten herab, f\u00fcllten die J\u00fcnger mit dem Geist der Erkenntnis und lie\u00dfen sie in Zungen sprechen, so da\u00df sie von allen verstanden wurden. Diese Geschichte l\u00e4\u00dft mich hoffen, da\u00df dieses auch 2009 geschehe und die Feuerzungen unsere &hellip; <a href=\"https:\/\/www.tour-blog.de\/?p=2388\" class=\"more-link\"><span class=\"screen-reader-text\">\u201ePfingsten\u201c<\/span> weiterlesen<\/a><\/p>\n","protected":false},"author":7,"featured_media":0,"comment_status":"open","ping_status":"open","sticky":false,"template":"","format":"standard","meta":[],"categories":[22],"tags":[],"_links":{"self":[{"href":"https:\/\/www.tour-blog.de\/index.php?rest_route=\/wp\/v2\/posts\/2388"}],"collection":[{"href":"https:\/\/www.tour-blog.de\/index.php?rest_route=\/wp\/v2\/posts"}],"about":[{"href":"https:\/\/www.tour-blog.de\/index.php?rest_route=\/wp\/v2\/types\/post"}],"author":[{"embeddable":true,"href":"https:\/\/www.tour-blog.de\/index.php?rest_route=\/wp\/v2\/users\/7"}],"replies":[{"embeddable":true,"href":"https:\/\/www.tour-blog.de\/index.php?rest_route=%2Fwp%2Fv2%2Fcomments&post=2388"}],"version-history":[{"count":0,"href":"https:\/\/www.tour-blog.de\/index.php?rest_route=\/wp\/v2\/posts\/2388\/revisions"}],"wp:attachment":[{"href":"https:\/\/www.tour-blog.de\/index.php?rest_route=%2Fwp%2Fv2%2Fmedia&parent=2388"}],"wp:term":[{"taxonomy":"category","embeddable":true,"href":"https:\/\/www.tour-blog.de\/index.php?rest_route=%2Fwp%2Fv2%2Fcategories&post=2388"},{"taxonomy":"post_tag","embeddable":true,"href":"https:\/\/www.tour-blog.de\/index.php?rest_route=%2Fwp%2Fv2%2Ftags&post=2388"}],"curies":[{"name":"wp","href":"https:\/\/api.w.org\/{rel}","templated":true}]}}