{"id":2380,"date":"2009-05-26T10:35:09","date_gmt":"2009-05-26T08:35:09","guid":{"rendered":"http:\/\/www.tour-blog.de\/?p=2380"},"modified":"2010-05-26T17:31:16","modified_gmt":"2010-05-26T15:31:16","slug":"schneesturm-teil-2","status":"publish","type":"post","link":"https:\/\/www.tour-blog.de\/?p=2380","title":{"rendered":"Schneesturm, Teil 2"},"content":{"rendered":"<p><img loading=\"lazy\" class=\"alignnone\" title=\"Schneesturm aus Pappelpollen\" src=\"https:\/\/www.tour-blog.de\/2009\/05\/zuhause\/Pappelschnee 1.jpg\" alt=\"\" width=\"700\" height=\"469\" \/><\/p>\n<p>Schon am Wochenende berichtete ich vom durch Pappeln ausgel\u00f6sten Schneesturm, auch gestern kam es hier zu einer massiven Schneedecke. Man kann also mittlerweile fast sagen: Ski &amp; Rodeln gut. Erst mal wollte ich mich davon nicht hindern lassen, trotzdem mein Gartenb\u00fcro zu beziehen. Nachmittags drehte jedoch der Wind, so da\u00df die Pollen nicht mehr gegen meinen R\u00fccken, sondern in Augen, Mund &amp; Nase flogen. Nat\u00fcrlich h\u00e4tte ich mich auch einfach nur umdrehen m\u00fcssen, aber ich war es leid und floh&#8230;<\/p>\n<p><img class=\"alignnone\" title=\"Schneesturm aus Pappelpollen\" src=\"https:\/\/www.tour-blog.de\/2009\/05\/zuhause\/Pappelschnee 2.jpg\" alt=\"\" \/><\/p>\n<p><img class=\"alignnone\" title=\"Schneesturm aus Pappelpollen\" src=\"https:\/\/www.tour-blog.de\/2009\/05\/zuhause\/Pappelschnee 3.jpg\" alt=\"\" \/><\/p>\n<p><img class=\"alignnone\" title=\"Schneesturm aus Pappelpollen\" src=\"https:\/\/www.tour-blog.de\/2009\/05\/zuhause\/Pappelschnee 4.jpg\" alt=\"\" \/><\/p>\n<p style=\"text-align: center;\"><img loading=\"lazy\" class=\"aligncenter\" title=\"Schneesturm aus Pappelpollen; Copyright: Annette Pr\u00fcfer\" src=\"https:\/\/www.tour-blog.de\/2009\/05\/zuhause\/Pappelschnee 5.jpg\" alt=\"\" width=\"500\" height=\"747\" \/><\/p>\n<p style=\"text-align: right;\"><em>Photo: Annette Pr\u00fcfer<\/em><\/p>\n<p style=\"text-align: center;\"><img loading=\"lazy\" class=\"aligncenter\" title=\"Schneesturm aus Pappelpollen; Copyright: Annette Pr\u00fcfer\" src=\"https:\/\/www.tour-blog.de\/2009\/05\/zuhause\/Pappelschnee 6.jpg\" alt=\"\" width=\"500\" height=\"747\" \/><\/p>\n<p style=\"text-align: right;\"><em>Photo: Annette Pr\u00fcfer<\/em><\/p>\n","protected":false},"excerpt":{"rendered":"<p>Schon am Wochenende berichtete ich vom durch Pappeln ausgel\u00f6sten Schneesturm, auch gestern kam es hier zu einer massiven Schneedecke. Man kann also mittlerweile fast sagen: Ski &amp; Rodeln gut. Erst mal wollte ich mich davon nicht hindern lassen, trotzdem mein Gartenb\u00fcro zu beziehen. Nachmittags drehte jedoch der Wind, so da\u00df die Pollen nicht mehr gegen &hellip; <a href=\"https:\/\/www.tour-blog.de\/?p=2380\" class=\"more-link\"><span class=\"screen-reader-text\">\u201eSchneesturm, Teil 2\u201c<\/span> weiterlesen<\/a><\/p>\n","protected":false},"author":7,"featured_media":0,"comment_status":"open","ping_status":"open","sticky":false,"template":"","format":"standard","meta":[],"categories":[23],"tags":[],"_links":{"self":[{"href":"https:\/\/www.tour-blog.de\/index.php?rest_route=\/wp\/v2\/posts\/2380"}],"collection":[{"href":"https:\/\/www.tour-blog.de\/index.php?rest_route=\/wp\/v2\/posts"}],"about":[{"href":"https:\/\/www.tour-blog.de\/index.php?rest_route=\/wp\/v2\/types\/post"}],"author":[{"embeddable":true,"href":"https:\/\/www.tour-blog.de\/index.php?rest_route=\/wp\/v2\/users\/7"}],"replies":[{"embeddable":true,"href":"https:\/\/www.tour-blog.de\/index.php?rest_route=%2Fwp%2Fv2%2Fcomments&post=2380"}],"version-history":[{"count":0,"href":"https:\/\/www.tour-blog.de\/index.php?rest_route=\/wp\/v2\/posts\/2380\/revisions"}],"wp:attachment":[{"href":"https:\/\/www.tour-blog.de\/index.php?rest_route=%2Fwp%2Fv2%2Fmedia&parent=2380"}],"wp:term":[{"taxonomy":"category","embeddable":true,"href":"https:\/\/www.tour-blog.de\/index.php?rest_route=%2Fwp%2Fv2%2Fcategories&post=2380"},{"taxonomy":"post_tag","embeddable":true,"href":"https:\/\/www.tour-blog.de\/index.php?rest_route=%2Fwp%2Fv2%2Ftags&post=2380"}],"curies":[{"name":"wp","href":"https:\/\/api.w.org\/{rel}","templated":true}]}}