{"id":2155,"date":"2009-03-01T21:07:40","date_gmt":"2009-03-01T20:07:40","guid":{"rendered":"http:\/\/www.tour-blog.de\/?p=2155"},"modified":"2011-03-02T16:09:50","modified_gmt":"2011-03-02T15:09:50","slug":"spatzentruck","status":"publish","type":"post","link":"https:\/\/www.tour-blog.de\/?p=2155","title":{"rendered":"Spatzentruck"},"content":{"rendered":"<p><img loading=\"lazy\" class=\"alignnone\" title=\"Unsere neue Trailerbeklebung\" src=\"https:\/\/www.tour-blog.de\/2009\/03\/Spatzen\/Trailer.jpg\" alt=\"\" width=\"700\" height=\"432\" \/><\/p>\n<p>Eben war ich auch noch mal eben bei uns auf dem Firmenhof und da steht er: unser Auflieger f\u00fcr die Tour der Kastelruther Spatzen. Ab sofort ist&#8217;s auch deutlich zu sehen. Wenn Ihr den Wagen mal trefft: gr\u00fc\u00dft Philipp, den Fahrer, ganz herzlich von mir ;-)<\/p>\n<p><strong>Nachtrag:<\/strong> Philipp erz\u00e4hlte, da\u00df gleich seine erste Fahrt gestern Abend ein gro\u00dfes Erlebnis gewesen sei. St\u00e4ndig w\u00fcrden \u00e4ltere Menschen winkend &amp; hupend an ihm vorbeifahren, vor ihm den Warnblinker oder die Nebelschlu\u00dfleuchte einschalten. Aber eben nur \u00e4ltere. Vielleicht gibt es ja ein paar junge, h\u00fcbsche M\u00e4dels die hier mitlesen und ihm zur Abwechslung auch mal eine Ku\u00dfhand zuwerfen&#8230;<\/p>\n","protected":false},"excerpt":{"rendered":"<p>Eben war ich auch noch mal eben bei uns auf dem Firmenhof und da steht er: unser Auflieger f\u00fcr die Tour der Kastelruther Spatzen. Ab sofort ist&#8217;s auch deutlich zu sehen. Wenn Ihr den Wagen mal trefft: gr\u00fc\u00dft Philipp, den Fahrer, ganz herzlich von mir ;-) Nachtrag: Philipp erz\u00e4hlte, da\u00df gleich seine erste Fahrt gestern &hellip; <a href=\"https:\/\/www.tour-blog.de\/?p=2155\" class=\"more-link\"><span class=\"screen-reader-text\">\u201eSpatzentruck\u201c<\/span> weiterlesen<\/a><\/p>\n","protected":false},"author":7,"featured_media":0,"comment_status":"open","ping_status":"open","sticky":false,"template":"","format":"standard","meta":[],"categories":[42],"tags":[],"_links":{"self":[{"href":"https:\/\/www.tour-blog.de\/index.php?rest_route=\/wp\/v2\/posts\/2155"}],"collection":[{"href":"https:\/\/www.tour-blog.de\/index.php?rest_route=\/wp\/v2\/posts"}],"about":[{"href":"https:\/\/www.tour-blog.de\/index.php?rest_route=\/wp\/v2\/types\/post"}],"author":[{"embeddable":true,"href":"https:\/\/www.tour-blog.de\/index.php?rest_route=\/wp\/v2\/users\/7"}],"replies":[{"embeddable":true,"href":"https:\/\/www.tour-blog.de\/index.php?rest_route=%2Fwp%2Fv2%2Fcomments&post=2155"}],"version-history":[{"count":0,"href":"https:\/\/www.tour-blog.de\/index.php?rest_route=\/wp\/v2\/posts\/2155\/revisions"}],"wp:attachment":[{"href":"https:\/\/www.tour-blog.de\/index.php?rest_route=%2Fwp%2Fv2%2Fmedia&parent=2155"}],"wp:term":[{"taxonomy":"category","embeddable":true,"href":"https:\/\/www.tour-blog.de\/index.php?rest_route=%2Fwp%2Fv2%2Fcategories&post=2155"},{"taxonomy":"post_tag","embeddable":true,"href":"https:\/\/www.tour-blog.de\/index.php?rest_route=%2Fwp%2Fv2%2Ftags&post=2155"}],"curies":[{"name":"wp","href":"https:\/\/api.w.org\/{rel}","templated":true}]}}