{"id":2134,"date":"2009-02-19T17:31:45","date_gmt":"2009-02-19T16:31:45","guid":{"rendered":"http:\/\/www.tour-blog.de\/?p=2134"},"modified":"2009-02-19T17:31:45","modified_gmt":"2009-02-19T16:31:45","slug":"tourpremiere-stefan-gwildis","status":"publish","type":"post","link":"https:\/\/www.tour-blog.de\/?p=2134","title":{"rendered":"Tourpremiere Stefan Gwildis"},"content":{"rendered":"<p><img loading=\"lazy\" class=\"alignnone\" title=\"San Glaser als Support bei Stefan Gwildis im Vamos! L\u00fcneburg\" src=\"https:\/\/www.tour-blog.de\/2009\/02\/Gwildis\/San Glaser.jpg\" alt=\"\" width=\"700\" height=\"468\" \/><\/p>\n<p>Nach zwei Probetagen war es dann am Dienstagabend soweit: die Tourpremiere der Stefan Gwildis &#8211; Tour kr\u00f6nte unseren Aufenthalt im Vamos!. Und wie es sich f\u00fcr einen richtigen K\u00fcnstler geh\u00f6rt, gab es auch eine Vorband. <a title=\"San Glaser\" href=\"http:\/\/www.sanglaser.com\/\" target=\"_blank\">San Glaser<\/a>, Eingeweihten auch als Backing bei der gro\u00dfen Gwildis &#8211; Besetzung und bei seinen Plattenaufnahmen bekannt, er\u00f6ffnete den Abend mit einem \u00e4u\u00dferst angenehmen Set. So angenehm, da\u00df meine Technikkollegen schon bedauerten, da\u00df sie nicht bei allen Terminen der Tour mit dabei sein wird.<\/p>\n<p>San pa\u00dft hervorragend zu einem Stefan Gwildis &#8211; Konzert, weil sie beide aus der selben musikalischen Richtung kommen; beide machen soulige Musik. Nat\u00fcrlich jeder mit seiner ganz eigenen Note, mit seinem ganz eigenen Charme. Als Support spielte San in einer kleineren Besetzung, die St\u00fccke wirkten dadurch etwas ruhiger, was aber nie langweilig wurde. Ganz im Gegenteil: durch ihre unglaubliche Pr\u00e4senz und Begeisterung schaffte sie es ganz schnell den rappelvollen Laden auf ihre Seite zu ziehen.<\/p>\n<p><img loading=\"lazy\" class=\"alignnone\" title=\"Stefan Gwildis im Vamos! L\u00fcneburg\" src=\"https:\/\/www.tour-blog.de\/2009\/02\/Gwildis\/Gwildis 1.jpg\" alt=\"\" width=\"700\" height=\"467\" \/><\/p>\n<p>Nach einer kurzen Umbaupause und Gelegenheit, noch mal ein Bier an der Theke zu holen, startete dann <a title=\"Stefan Gwildis\" href=\"http:\/\/www.stefan-gwildis.de\" target=\"_blank\">Stefan Gwildis<\/a> mit seiner Band einen, nun, man k\u00f6nnte schon sagen, furiosen Abend. Dabei spielten alle Zahnr\u00e4der, die aus einem Konzert eine tolle Show werden lassen, perfekt zusammen: Band, Ton, Licht, der K\u00fcnstler selbst \u2014 alle gaben zusammen ihr Bestes.<\/p>\n<p style=\"text-align: center;\"><img loading=\"lazy\" class=\"aligncenter\" title=\"Stefan Gwildis im Vamos! L\u00fcneburg\" src=\"https:\/\/www.tour-blog.de\/2009\/02\/Gwildis\/Gwildis 2.jpg\" alt=\"\" width=\"500\" height=\"747\" \/><\/p>\n<p>\u00dcber Stefan brauche ich hier wohl nicht mehr viel zu schreiben, das tat ich ja schon <a title=\"Alle Artikel rund um Stefan Gwildis hier im Blog\" href=\"https:\/\/www.tour-blog.de\/index.php?s=Stefan+Gwildis\" target=\"_blank\">ausf\u00fchrlich<\/a>. Ich mag die Art seiner Musik und die Art, wie er sie pr\u00e4sentiert, seinen Humor und da\u00df er sich selbst nicht allzu ernst nimmt.<\/p>\n<p style=\"text-align: center;\"><img loading=\"lazy\" class=\"aligncenter\" title=\"Stefan Gwildis im Vamos! L\u00fcneburg\" src=\"https:\/\/www.tour-blog.de\/2009\/02\/Gwildis\/Gwildis 3.jpg\" alt=\"\" width=\"500\" height=\"733\" \/><\/p>\n<p>Und wenn er dann \u00fcber Regen in Hamburg singt, na, dann mu\u00df es halt auch regnen. Die Konstruktion ist nat\u00fcrlich ein wenig quick &amp; dirty, aber genau das macht den Charme aus. Die Wasserflasche reichte dann tats\u00e4chlich genau f\u00fcr den Song.<\/p>\n<p><img loading=\"lazy\" class=\"alignnone\" title=\"Stefan Gwildis im Vamos! L\u00fcneburg\" src=\"https:\/\/www.tour-blog.de\/2009\/02\/Gwildis\/Gwildis 4.jpg\" alt=\"\" width=\"700\" height=\"460\" \/><\/p>\n<p>Auch hat man f\u00fcr \u00e4ltere Songs eine tolle L\u00f6sung gefunden, sie im neuen Gewand zu pr\u00e4sentieren: <span style=\"text-decoration: line-through;\">Los Wochos !<\/span> der Buena Vista Social Club l\u00e4\u00dft gr\u00fc\u00dfen. Und schon braucht es tats\u00e4chlich viele Sekunden, bis dann beim Publikum der Groschen f\u00e4llt und gro\u00dfe Hits erkannt werden.<\/p>\n<p><img loading=\"lazy\" class=\"alignnone\" title=\"Stefan Gwildis im Vamos! L\u00fcneburg\" src=\"https:\/\/www.tour-blog.de\/2009\/02\/Gwildis\/Gwildis 5.jpg\" alt=\"\" width=\"700\" height=\"457\" \/><\/p>\n<p>Mir hat es wie immer sehr gefallen und ich finde es \u00e4u\u00dferst schade, da\u00df ich zwar die Technik zusammenstellen und den KickOff betreuen durfte, die Tour aber nicht fahren werde. Ich bin sicher, da\u00df es sehr sch\u00f6n werden wird. Stefan ist nun mit 40 Shows im deutschsprachigen Raum unterwegs und ich kann Euch einen Konzertbesuch w\u00e4rmstens empfehlen.<\/p>\n","protected":false},"excerpt":{"rendered":"<p>Nach zwei Probetagen war es dann am Dienstagabend soweit: die Tourpremiere der Stefan Gwildis &#8211; Tour kr\u00f6nte unseren Aufenthalt im Vamos!. Und wie es sich f\u00fcr einen richtigen K\u00fcnstler geh\u00f6rt, gab es auch eine Vorband. San Glaser, Eingeweihten auch als Backing bei der gro\u00dfen Gwildis &#8211; Besetzung und bei seinen Plattenaufnahmen bekannt, er\u00f6ffnete den Abend &hellip; <a href=\"https:\/\/www.tour-blog.de\/?p=2134\" class=\"more-link\"><span class=\"screen-reader-text\">\u201eTourpremiere Stefan Gwildis\u201c<\/span> weiterlesen<\/a><\/p>\n","protected":false},"author":7,"featured_media":0,"comment_status":"open","ping_status":"open","sticky":false,"template":"","format":"standard","meta":[],"categories":[46],"tags":[],"_links":{"self":[{"href":"https:\/\/www.tour-blog.de\/index.php?rest_route=\/wp\/v2\/posts\/2134"}],"collection":[{"href":"https:\/\/www.tour-blog.de\/index.php?rest_route=\/wp\/v2\/posts"}],"about":[{"href":"https:\/\/www.tour-blog.de\/index.php?rest_route=\/wp\/v2\/types\/post"}],"author":[{"embeddable":true,"href":"https:\/\/www.tour-blog.de\/index.php?rest_route=\/wp\/v2\/users\/7"}],"replies":[{"embeddable":true,"href":"https:\/\/www.tour-blog.de\/index.php?rest_route=%2Fwp%2Fv2%2Fcomments&post=2134"}],"version-history":[{"count":0,"href":"https:\/\/www.tour-blog.de\/index.php?rest_route=\/wp\/v2\/posts\/2134\/revisions"}],"wp:attachment":[{"href":"https:\/\/www.tour-blog.de\/index.php?rest_route=%2Fwp%2Fv2%2Fmedia&parent=2134"}],"wp:term":[{"taxonomy":"category","embeddable":true,"href":"https:\/\/www.tour-blog.de\/index.php?rest_route=%2Fwp%2Fv2%2Fcategories&post=2134"},{"taxonomy":"post_tag","embeddable":true,"href":"https:\/\/www.tour-blog.de\/index.php?rest_route=%2Fwp%2Fv2%2Ftags&post=2134"}],"curies":[{"name":"wp","href":"https:\/\/api.w.org\/{rel}","templated":true}]}}