{"id":2125,"date":"2009-02-16T12:25:02","date_gmt":"2009-02-16T11:25:02","guid":{"rendered":"http:\/\/www.tour-blog.de\/?p=2125"},"modified":"2009-02-17T13:28:51","modified_gmt":"2009-02-17T12:28:51","slug":"aufbautag","status":"publish","type":"post","link":"https:\/\/www.tour-blog.de\/?p=2125","title":{"rendered":"Aufbautag"},"content":{"rendered":"<p><img loading=\"lazy\" class=\"alignnone\" title=\"Mein Schreibtisch in L\u00fcneburg\" src=\"https:\/\/www.tour-blog.de\/2009\/02\/Gwildis\/loeten.jpg\" alt=\"\" width=\"700\" height=\"450\" \/><\/p>\n<p>Seit gestern sind Einrichtungs- und Probentage zur <a title=\"Stefan Gwildis\" href=\"http:\/\/www.stefan-gwildis.de\" target=\"_blank\">Stefan Gwildis<\/a> &#8211; Tour im hei\u00dfgeliebten <a title=\"Vamos !\" href=\"http:\/\/www.vamoskulturhalle.de\/\" target=\"_blank\">Vamos !<\/a> in L\u00fcneburg. F\u00fcr mich die Gelegenheit, einige Spezialkabel zu l\u00f6ten. Das ich das ziemlich gern mache, ist auch an <a title=\"Mit der Lizenz zum l\u00f6ten\" href=\"https:\/\/www.tour-blog.de\/?p=1953\" target=\"_blank\">diesem Shirt<\/a> zu erkennen.<\/p>\n<p>Auf dem Bild ist aber auch meine Vergangenheit als Optiker zu erkennen. Etwas links von der Mitte steht eine <a title=\"Ventilette\" href=\"http:\/\/www.ventilette.de\" target=\"_blank\">Ventilette<\/a>, ein Warmluftger\u00e4t, mit dem Augenoptiker Kunststoffassungen erw\u00e4rmen, um Gl\u00e4ser einzusetzen, oder um Brillenb\u00fcgel biegen zu k\u00f6nnen. Das Ger\u00e4t ist sicher 30 Jahre alt und ich nutze es, um Schrumpfschl\u00e4uche zu erw\u00e4rmen. Vor rund 22 Jahren sollte es bei einem meiner damaligen Arbeitgeber ausgemustert werden und da nahm ich es mit, weil ich schon damals die Lizenz zum l\u00f6ten hatte. Ich bin mir sicher, da\u00df nicht viele Veranstaltungstechniker mit einer Ventilette arbeiten ;-)<\/p>\n<p>Au\u00dferdem sieht man auf dem Photo meinen neuen Rechner. Eigentlich ist der Zeitpunkt nicht ideal, weil ich einfach zu viel zu tun habe, um mich mal konzentriert um die Einrichtung zu k\u00fcmmern. Aber es mu\u00dfte sein und er ist ja auch ein Guter.<\/p>\n","protected":false},"excerpt":{"rendered":"<p>Seit gestern sind Einrichtungs- und Probentage zur Stefan Gwildis &#8211; Tour im hei\u00dfgeliebten Vamos ! in L\u00fcneburg. F\u00fcr mich die Gelegenheit, einige Spezialkabel zu l\u00f6ten. Das ich das ziemlich gern mache, ist auch an diesem Shirt zu erkennen. Auf dem Bild ist aber auch meine Vergangenheit als Optiker zu erkennen. Etwas links von der Mitte &hellip; <a href=\"https:\/\/www.tour-blog.de\/?p=2125\" class=\"more-link\"><span class=\"screen-reader-text\">\u201eAufbautag\u201c<\/span> weiterlesen<\/a><\/p>\n","protected":false},"author":7,"featured_media":0,"comment_status":"open","ping_status":"open","sticky":false,"template":"","format":"standard","meta":[],"categories":[46],"tags":[],"_links":{"self":[{"href":"https:\/\/www.tour-blog.de\/index.php?rest_route=\/wp\/v2\/posts\/2125"}],"collection":[{"href":"https:\/\/www.tour-blog.de\/index.php?rest_route=\/wp\/v2\/posts"}],"about":[{"href":"https:\/\/www.tour-blog.de\/index.php?rest_route=\/wp\/v2\/types\/post"}],"author":[{"embeddable":true,"href":"https:\/\/www.tour-blog.de\/index.php?rest_route=\/wp\/v2\/users\/7"}],"replies":[{"embeddable":true,"href":"https:\/\/www.tour-blog.de\/index.php?rest_route=%2Fwp%2Fv2%2Fcomments&post=2125"}],"version-history":[{"count":0,"href":"https:\/\/www.tour-blog.de\/index.php?rest_route=\/wp\/v2\/posts\/2125\/revisions"}],"wp:attachment":[{"href":"https:\/\/www.tour-blog.de\/index.php?rest_route=%2Fwp%2Fv2%2Fmedia&parent=2125"}],"wp:term":[{"taxonomy":"category","embeddable":true,"href":"https:\/\/www.tour-blog.de\/index.php?rest_route=%2Fwp%2Fv2%2Fcategories&post=2125"},{"taxonomy":"post_tag","embeddable":true,"href":"https:\/\/www.tour-blog.de\/index.php?rest_route=%2Fwp%2Fv2%2Ftags&post=2125"}],"curies":[{"name":"wp","href":"https:\/\/api.w.org\/{rel}","templated":true}]}}