{"id":2088,"date":"2009-01-30T12:54:21","date_gmt":"2009-01-30T11:54:21","guid":{"rendered":"http:\/\/www.tour-blog.de\/?p=2088"},"modified":"2009-04-04T12:51:23","modified_gmt":"2009-04-04T11:51:23","slug":"videonauten","status":"publish","type":"post","link":"https:\/\/www.tour-blog.de\/?p=2088","title":{"rendered":"Videonauten"},"content":{"rendered":"<p><img loading=\"lazy\" class=\"alignnone\" title=\"Steffen beim Videoschnitt\" src=\"https:\/\/www.tour-blog.de\/2009\/01\/Spatzen\/Steffen.jpg\" alt=\"\" width=\"700\" height=\"495\" \/><\/p>\n<p>Die Tour der Kastelruther Spatzen geht ja recht lang, also eine gute Gelegenheit, Euch mal wieder ein paar Kollegen vorzustellen. Und weil wir es gearde erst mit wackelnden Leinw\u00e4nden hatten, fange ich einfach mal mit der Videoabteilung an. Oben seht Ihr Steffen M\u00fcller. Der ist bei der Tour gar nicht mit dabei, hat aber die ganzen Videozuspieler geschnitten. Steffen ist wie ich Angestellter bei der &#8222;Schmiede&#8220; und da unser Videospezialist. Die meiste Arbeit hatte er lange vor der Tour. Stunden an Material wurde f\u00fcr die Jubil\u00e4umstour gesichtet und in aktuelle Formate konvertiert. Bei den Proben in Bayreuth hatte Steffen sein kleines mobiles Studio aufgebaut, um da noch schnell Ver\u00e4nderungen realisieren zu k\u00f6nnen. Und wie das immer so ist, hatte er auch noch gut zu tun.<\/p>\n<p><img loading=\"lazy\" class=\"alignnone\" title=\"Marc w\u00e4hrend der Show\" src=\"https:\/\/www.tour-blog.de\/2009\/01\/Spatzen\/Marc.jpg\" alt=\"\" width=\"700\" height=\"486\" \/><\/p>\n<p><a title=\"Marc bei Xing\" href=\"http:\/\/www.xing.com\/profile\/Marc_Nesselhauf\" target=\"_blank\">Marc Nesselhauf<\/a> ist unser Videospezialist auf Tour und mit drei Beamern, Leinw\u00e4nden und der Regie hat er auch gut zu tun. Oben seht Ihr ihn w\u00e4hrend der Show. Da mischt er Livekamerabilder und Videoinhalte, die vom Medienserver kommen, so, da\u00df zwei unterschiedliche Inhalte entstehen: ein mal f\u00fcr die beiden Leinw\u00e4nde rechts und links der B\u00fchne und ein mal f\u00fcr die mittige Leinwand, die vor die Berge gefahren werden kann. Das ist konzentrierte Arbeit.<\/p>\n","protected":false},"excerpt":{"rendered":"<p>Die Tour der Kastelruther Spatzen geht ja recht lang, also eine gute Gelegenheit, Euch mal wieder ein paar Kollegen vorzustellen. Und weil wir es gearde erst mit wackelnden Leinw\u00e4nden hatten, fange ich einfach mal mit der Videoabteilung an. Oben seht Ihr Steffen M\u00fcller. Der ist bei der Tour gar nicht mit dabei, hat aber die &hellip; <a href=\"https:\/\/www.tour-blog.de\/?p=2088\" class=\"more-link\"><span class=\"screen-reader-text\">\u201eVideonauten\u201c<\/span> weiterlesen<\/a><\/p>\n","protected":false},"author":7,"featured_media":0,"comment_status":"open","ping_status":"open","sticky":false,"template":"","format":"standard","meta":[],"categories":[42,4],"tags":[],"_links":{"self":[{"href":"https:\/\/www.tour-blog.de\/index.php?rest_route=\/wp\/v2\/posts\/2088"}],"collection":[{"href":"https:\/\/www.tour-blog.de\/index.php?rest_route=\/wp\/v2\/posts"}],"about":[{"href":"https:\/\/www.tour-blog.de\/index.php?rest_route=\/wp\/v2\/types\/post"}],"author":[{"embeddable":true,"href":"https:\/\/www.tour-blog.de\/index.php?rest_route=\/wp\/v2\/users\/7"}],"replies":[{"embeddable":true,"href":"https:\/\/www.tour-blog.de\/index.php?rest_route=%2Fwp%2Fv2%2Fcomments&post=2088"}],"version-history":[{"count":0,"href":"https:\/\/www.tour-blog.de\/index.php?rest_route=\/wp\/v2\/posts\/2088\/revisions"}],"wp:attachment":[{"href":"https:\/\/www.tour-blog.de\/index.php?rest_route=%2Fwp%2Fv2%2Fmedia&parent=2088"}],"wp:term":[{"taxonomy":"category","embeddable":true,"href":"https:\/\/www.tour-blog.de\/index.php?rest_route=%2Fwp%2Fv2%2Fcategories&post=2088"},{"taxonomy":"post_tag","embeddable":true,"href":"https:\/\/www.tour-blog.de\/index.php?rest_route=%2Fwp%2Fv2%2Ftags&post=2088"}],"curies":[{"name":"wp","href":"https:\/\/api.w.org\/{rel}","templated":true}]}}