{"id":2042,"date":"2009-01-22T10:50:22","date_gmt":"2009-01-22T09:50:22","guid":{"rendered":"http:\/\/www.tour-blog.de\/?p=2042"},"modified":"2009-02-16T00:06:16","modified_gmt":"2009-02-15T23:06:16","slug":"die-kleine-fur-zwischendurch","status":"publish","type":"post","link":"https:\/\/www.tour-blog.de\/?p=2042","title":{"rendered":"Die Kleine f\u00fcr zwischendurch"},"content":{"rendered":"<p>In den Kommentaren zum Filmdreh kam die Diskussion auf, was denn die ideale Kamera f\u00fcr unterwegs sei. Und weil das ein interessantes Thema zu werden scheint, m\u00f6chte ich da einen eigenen Artikel draus machen und es nicht gewisserma\u00dfen hinter den Kulissen herumd\u00fcmpeln lassen.<\/p>\n<p>Viele haben ja heute wie ich auch immer eine Kamera in der Tasche. Ich selbst bevorzuge zur Zeit noch die Modelle der Ixus &#8211; Reihe und achte darauf, da\u00df sie die IS &#8211; Funktion, also eine Antiverwackelautomatik, besitzen. Ehrlicherweise mache ich aber die Erfahrung, da\u00df mit wachsener Generationsfolge die Geh\u00e4use d\u00fcnner und damit empfindlicher werden. Das kommt mir deutlich nicht entgegen, denn Verschlei\u00dfraten von drei Kameras\/Jahr kann ich mir auf Dauer einfach nicht leisten. Darum sei hier die gro\u00dfe Diskussionsrunde er\u00f6ffnet: was ist die Ideale Taschenkamera. Ich bin gespannt.<\/p>\n<p><img loading=\"lazy\" class=\"alignnone\" title=\"Lego - Kamera\" src=\"https:\/\/www.tour-blog.de\/2009\/01\/Lego.jpg\" alt=\"\" width=\"700\" height=\"463\" \/><\/p>\n<p style=\"text-align: right;\"><em>Copyright: Lego<\/em><\/p>\n<p><strong>Nachtrag:<\/strong> gerade las ich in der \u00f6rtlichen Zeitung hier in Ingolstadt, da\u00df Lego in den n\u00e4chsten Wochen auch eine Digicam herausbringen will; Kosten: um die 50,00\u20ac. Unabh\u00e4ngig vom Nutzwert der Kamera ist das sicher eine tolle Idee.<\/p>\n","protected":false},"excerpt":{"rendered":"<p>In den Kommentaren zum Filmdreh kam die Diskussion auf, was denn die ideale Kamera f\u00fcr unterwegs sei. Und weil das ein interessantes Thema zu werden scheint, m\u00f6chte ich da einen eigenen Artikel draus machen und es nicht gewisserma\u00dfen hinter den Kulissen herumd\u00fcmpeln lassen. Viele haben ja heute wie ich auch immer eine Kamera in der &hellip; <a href=\"https:\/\/www.tour-blog.de\/?p=2042\" class=\"more-link\"><span class=\"screen-reader-text\">\u201eDie Kleine f\u00fcr zwischendurch\u201c<\/span> weiterlesen<\/a><\/p>\n","protected":false},"author":7,"featured_media":0,"comment_status":"open","ping_status":"open","sticky":false,"template":"","format":"standard","meta":[],"categories":[3],"tags":[],"_links":{"self":[{"href":"https:\/\/www.tour-blog.de\/index.php?rest_route=\/wp\/v2\/posts\/2042"}],"collection":[{"href":"https:\/\/www.tour-blog.de\/index.php?rest_route=\/wp\/v2\/posts"}],"about":[{"href":"https:\/\/www.tour-blog.de\/index.php?rest_route=\/wp\/v2\/types\/post"}],"author":[{"embeddable":true,"href":"https:\/\/www.tour-blog.de\/index.php?rest_route=\/wp\/v2\/users\/7"}],"replies":[{"embeddable":true,"href":"https:\/\/www.tour-blog.de\/index.php?rest_route=%2Fwp%2Fv2%2Fcomments&post=2042"}],"version-history":[{"count":0,"href":"https:\/\/www.tour-blog.de\/index.php?rest_route=\/wp\/v2\/posts\/2042\/revisions"}],"wp:attachment":[{"href":"https:\/\/www.tour-blog.de\/index.php?rest_route=%2Fwp%2Fv2%2Fmedia&parent=2042"}],"wp:term":[{"taxonomy":"category","embeddable":true,"href":"https:\/\/www.tour-blog.de\/index.php?rest_route=%2Fwp%2Fv2%2Fcategories&post=2042"},{"taxonomy":"post_tag","embeddable":true,"href":"https:\/\/www.tour-blog.de\/index.php?rest_route=%2Fwp%2Fv2%2Ftags&post=2042"}],"curies":[{"name":"wp","href":"https:\/\/api.w.org\/{rel}","templated":true}]}}