{"id":199,"date":"2006-04-09T00:05:12","date_gmt":"2006-04-08T23:05:12","guid":{"rendered":"http:\/\/www.tour-blog.de\/?p=199"},"modified":"2006-04-09T00:05:12","modified_gmt":"2006-04-08T23:05:12","slug":"fahrt-frankfurt-nach-hause","status":"publish","type":"post","link":"https:\/\/www.tour-blog.de\/?p=199","title":{"rendered":"Fahrt Frankfurt nach Hause"},"content":{"rendered":"<p>Um 10:30 habe ich mich dann mal auf den Weg nach Hause gemacht. Zwischendurch mein obligatorischer Zwischenstop bei <a target=\"_blank\" title=\"Sound Linear\" href=\"http:\/\/www.sound-linear.de\/\">Sound Linear<\/a> zum Ausladen der Backline. Die bleibt dort bis Ostern stehen. Ostermontag haben wir ja unsere n\u00e4chste regul\u00e4re Show in K\u00f6ln. Unterwegs die Fl\u00fcsse waren alle ganz sch\u00f6n hoch. Auf der Weser habe ich eine Horde JetSki &#8211; Fahrer gesehen. Schon witzig in diesen Breitengraden. Selbst die Elbe in Hamburg ist recht hoch, dabei hatte das Binnenhochwasser von 2002 hier eigentlich kaum Auswirkungen. Dann noch schnell die &#8222;Blonde&#8220; bei Mirko vorbeigebracht. Er braucht sie morgen bei &#8217;nem Gig f\u00fcr den <a target=\"_blank\" title=\"Wei\u00dfer Ring\" href=\"http:\/\/www.weisser-ring.de\/bundesgeschaeftsstelle\/index.php\">Wei\u00dfen Ring<\/a>. Da bin ich aber nicht mit involviert. Danach endlich nach Hause. F\u00fcr die&#8217;s interessiert, dort wohne ich:<\/p>\n<div style=\"text-align: center\"><img alt=\"Mein Zuhause\" title=\"Mein Zuhause\" src=\"https:\/\/www.tour-blog.de\/wp-content\/uploads\/2006\/04\/zuhause.jpg\" \/><\/div>\n","protected":false},"excerpt":{"rendered":"<p>Um 10:30 habe ich mich dann mal auf den Weg nach Hause gemacht. Zwischendurch mein obligatorischer Zwischenstop bei Sound Linear zum Ausladen der Backline. Die bleibt dort bis Ostern stehen. Ostermontag haben wir ja unsere n\u00e4chste regul\u00e4re Show in K\u00f6ln. Unterwegs die Fl\u00fcsse waren alle ganz sch\u00f6n hoch. Auf der Weser habe ich eine Horde &hellip; <a href=\"https:\/\/www.tour-blog.de\/?p=199\" class=\"more-link\"><span class=\"screen-reader-text\">\u201eFahrt Frankfurt nach Hause\u201c<\/span> weiterlesen<\/a><\/p>\n","protected":false},"author":7,"featured_media":0,"comment_status":"open","ping_status":"open","sticky":false,"template":"","format":"standard","meta":[],"categories":[8],"tags":[],"_links":{"self":[{"href":"https:\/\/www.tour-blog.de\/index.php?rest_route=\/wp\/v2\/posts\/199"}],"collection":[{"href":"https:\/\/www.tour-blog.de\/index.php?rest_route=\/wp\/v2\/posts"}],"about":[{"href":"https:\/\/www.tour-blog.de\/index.php?rest_route=\/wp\/v2\/types\/post"}],"author":[{"embeddable":true,"href":"https:\/\/www.tour-blog.de\/index.php?rest_route=\/wp\/v2\/users\/7"}],"replies":[{"embeddable":true,"href":"https:\/\/www.tour-blog.de\/index.php?rest_route=%2Fwp%2Fv2%2Fcomments&post=199"}],"version-history":[{"count":0,"href":"https:\/\/www.tour-blog.de\/index.php?rest_route=\/wp\/v2\/posts\/199\/revisions"}],"wp:attachment":[{"href":"https:\/\/www.tour-blog.de\/index.php?rest_route=%2Fwp%2Fv2%2Fmedia&parent=199"}],"wp:term":[{"taxonomy":"category","embeddable":true,"href":"https:\/\/www.tour-blog.de\/index.php?rest_route=%2Fwp%2Fv2%2Fcategories&post=199"},{"taxonomy":"post_tag","embeddable":true,"href":"https:\/\/www.tour-blog.de\/index.php?rest_route=%2Fwp%2Fv2%2Ftags&post=199"}],"curies":[{"name":"wp","href":"https:\/\/api.w.org\/{rel}","templated":true}]}}