{"id":193,"date":"2006-04-06T00:09:16","date_gmt":"2006-04-05T23:09:16","guid":{"rendered":"http:\/\/www.tour-blog.de\/?p=193"},"modified":"2006-04-09T09:49:27","modified_gmt":"2006-04-09T08:49:27","slug":"hotel-senator-zurich","status":"publish","type":"post","link":"https:\/\/www.tour-blog.de\/?p=193","title":{"rendered":"Hotel Senator, Z\u00fcrich"},"content":{"rendered":"<p>Normalerweise schreibe ich ja nicht \u00fcber die Hotels, in denen wir wohnen. Meist sind sie sehr gut und die Leute freundlich. So war das jetzt die ganze Tour und darum f\u00e4llt das heutige Hotel direkt doppelt negativ auf. Das <a title=\"Hotel Senator\" target=\"_blank\" href=\"http:\/\/www.senator.ch\/senator.php\">Hotel Senator<\/a> soll vier Sterne haben. In einem Viersternehotel waren wir gestern in Bern (das Allegro, wirklich sehr schick). Aber das hier hat gef\u00fchlte zwei Sterne. Auch nur mit Augen zudr\u00fccken und mit R\u00fccksicht auf die Eltern. \u00dcberhaupt keine Atmosph\u00e4re, die Zimmer leicht stinkend. Eher eine Absteige, als ein anst\u00e4ndiges Hotel. Und dann einen Nachtportier, der einfach absolut keinen Bock auf seine Arbeit hat und das ganz deutlich sp\u00fcren l\u00e4\u00dft (&#8222;Gehen Sie jetzt mal auf ihr Zimmer, ich bekomme sonst noch eine Krise mit Ihnen.&#8220;). Liebe Z\u00fcrichreisende: meidet dieses Haus !<\/p>\n<p>Nachtrag: ein Mitarbeiter hat tats\u00e4chlich kein Zimmer bekommen und weil er keine Lust hatte, sich mit diesem Nachtportier herumzuschlagen oder jemanden rauszutelephonieren und am n\u00e4chsten Morgen sowieso fr\u00fch los wollte, ist er nachts noch nach Stuttgart. Unglaublich.<\/p>\n","protected":false},"excerpt":{"rendered":"<p>Normalerweise schreibe ich ja nicht \u00fcber die Hotels, in denen wir wohnen. Meist sind sie sehr gut und die Leute freundlich. So war das jetzt die ganze Tour und darum f\u00e4llt das heutige Hotel direkt doppelt negativ auf. Das Hotel Senator soll vier Sterne haben. In einem Viersternehotel waren wir gestern in Bern (das Allegro, &hellip; <a href=\"https:\/\/www.tour-blog.de\/?p=193\" class=\"more-link\"><span class=\"screen-reader-text\">\u201eHotel Senator, Z\u00fcrich\u201c<\/span> weiterlesen<\/a><\/p>\n","protected":false},"author":7,"featured_media":0,"comment_status":"open","ping_status":"open","sticky":false,"template":"","format":"standard","meta":[],"categories":[6],"tags":[],"_links":{"self":[{"href":"https:\/\/www.tour-blog.de\/index.php?rest_route=\/wp\/v2\/posts\/193"}],"collection":[{"href":"https:\/\/www.tour-blog.de\/index.php?rest_route=\/wp\/v2\/posts"}],"about":[{"href":"https:\/\/www.tour-blog.de\/index.php?rest_route=\/wp\/v2\/types\/post"}],"author":[{"embeddable":true,"href":"https:\/\/www.tour-blog.de\/index.php?rest_route=\/wp\/v2\/users\/7"}],"replies":[{"embeddable":true,"href":"https:\/\/www.tour-blog.de\/index.php?rest_route=%2Fwp%2Fv2%2Fcomments&post=193"}],"version-history":[{"count":0,"href":"https:\/\/www.tour-blog.de\/index.php?rest_route=\/wp\/v2\/posts\/193\/revisions"}],"wp:attachment":[{"href":"https:\/\/www.tour-blog.de\/index.php?rest_route=%2Fwp%2Fv2%2Fmedia&parent=193"}],"wp:term":[{"taxonomy":"category","embeddable":true,"href":"https:\/\/www.tour-blog.de\/index.php?rest_route=%2Fwp%2Fv2%2Fcategories&post=193"},{"taxonomy":"post_tag","embeddable":true,"href":"https:\/\/www.tour-blog.de\/index.php?rest_route=%2Fwp%2Fv2%2Ftags&post=193"}],"curies":[{"name":"wp","href":"https:\/\/api.w.org\/{rel}","templated":true}]}}