{"id":191,"date":"2006-04-05T14:42:14","date_gmt":"2006-04-05T13:42:14","guid":{"rendered":"http:\/\/www.tour-blog.de\/?p=191"},"modified":"2006-04-05T23:54:38","modified_gmt":"2006-04-05T22:54:38","slug":"kaufleuten-zurich","status":"publish","type":"post","link":"https:\/\/www.tour-blog.de\/?p=191","title":{"rendered":"Kaufleuten Z\u00fcrich"},"content":{"rendered":"<p>Nachdem es gestern ja T-Shirt &#8211; Wetter gab, traute ich heute morgen beim Aufstehen meinen Augen kaum: es schneite ! Die Strecke Bern \/ Z\u00fcrich ist ja eigentlich nicht so lang, aber bei dichtem Schneetreiben haben wir dann doch noch ein wenig gebraucht, bis wir da waren. Das heutige Konzert findet im <a target=\"_blank\" title=\"Kaufleuten\" href=\"http:\/\/www.kaufleuten.com\/photos\/\">Kaufleuten<\/a> in Z\u00fcrich statt. Das Kaufleuten ist eine Restaurant\/Club\/Bar\/Lounge &#8211; Kombination mitten im Herzen der Stadt, das seit 13 Jahren besteht. Hier gibt es jeden Tag um 23:00 den Club, auch heute nach unserem Konzert.<\/p>\n<div style=\"text-align: center\"><a target=\"_blank\" title=\"Komplettansicht Z\u00fcrich Kaufleuten\" href=\"https:\/\/www.tour-blog.de\/wp-content\/uploads\/2006\/04\/Zuerich\/Zuerich Kaufleuten.jpg\"><img alt=\"Vorschau Z\u00fcrich Kaufleuten\" title=\"Vorschau Z\u00fcrich Kaufleuten\" src=\"https:\/\/www.tour-blog.de\/wp-content\/uploads\/2006\/04\/Zuerich\/Zuerich Kaufleuten Vorschau.jpg\" \/><\/a><\/div>\n<p>Das Kaufleuten hat die kleinste B\u00fchne unserer ausl\u00e4ndischen Konzerte, es geht alles wirklich eng zu und auch bei Ton und Licht mu\u00df man deutlich Kompromisse machen. Es wird heute Abend sicher wieder ein tolles, unbestuhltes Konzert , aber vom Originallichtdesign ist hier wenig \u00fcbriggeblieben. Das mu\u00df der Charme des Saales wieder wettmachen. Der Aufbau gestaltet sich zus\u00e4tzlich ein wenig frickelig&#8230;. incl. Stromausfall zwischendurch.<\/p>\n<p>Das Konzert dann: packed ! Es ist einfach unm\u00f6glich, auch nur 3m voranzukommen, unglaublich. Darum keine Bilder aus Publikumsperspektive heute, sorry. Aber wieder eine supertolle Stimmung.<\/p>\n<div style=\"text-align: center\"><img alt=\"Annett Louisan in Z\u00fcrich\" title=\"Annett Louisan in Z\u00fcrich\" src=\"https:\/\/www.tour-blog.de\/wp-content\/uploads\/2006\/04\/Zuerich\/Zuerich 1.jpg\" \/><\/div>\n<div style=\"text-align: center\"><img alt=\"Annett Louisan in Z\u00fcrich\" title=\"Annett Louisan in Z\u00fcrich\" src=\"https:\/\/www.tour-blog.de\/wp-content\/uploads\/2006\/04\/Zuerich\/Zuerich 2.jpg\" \/><\/div>\n<p>Der Abbau dann sehr schnell, fast hektisch, weil hier anschlie\u00dfend ja noch Clubnacht war.<\/p>\n","protected":false},"excerpt":{"rendered":"<p>Nachdem es gestern ja T-Shirt &#8211; Wetter gab, traute ich heute morgen beim Aufstehen meinen Augen kaum: es schneite ! Die Strecke Bern \/ Z\u00fcrich ist ja eigentlich nicht so lang, aber bei dichtem Schneetreiben haben wir dann doch noch ein wenig gebraucht, bis wir da waren. Das heutige Konzert findet im Kaufleuten in Z\u00fcrich &hellip; <a href=\"https:\/\/www.tour-blog.de\/?p=191\" class=\"more-link\"><span class=\"screen-reader-text\">\u201eKaufleuten Z\u00fcrich\u201c<\/span> weiterlesen<\/a><\/p>\n","protected":false},"author":7,"featured_media":0,"comment_status":"open","ping_status":"open","sticky":false,"template":"","format":"standard","meta":[],"categories":[11],"tags":[],"_links":{"self":[{"href":"https:\/\/www.tour-blog.de\/index.php?rest_route=\/wp\/v2\/posts\/191"}],"collection":[{"href":"https:\/\/www.tour-blog.de\/index.php?rest_route=\/wp\/v2\/posts"}],"about":[{"href":"https:\/\/www.tour-blog.de\/index.php?rest_route=\/wp\/v2\/types\/post"}],"author":[{"embeddable":true,"href":"https:\/\/www.tour-blog.de\/index.php?rest_route=\/wp\/v2\/users\/7"}],"replies":[{"embeddable":true,"href":"https:\/\/www.tour-blog.de\/index.php?rest_route=%2Fwp%2Fv2%2Fcomments&post=191"}],"version-history":[{"count":0,"href":"https:\/\/www.tour-blog.de\/index.php?rest_route=\/wp\/v2\/posts\/191\/revisions"}],"wp:attachment":[{"href":"https:\/\/www.tour-blog.de\/index.php?rest_route=%2Fwp%2Fv2%2Fmedia&parent=191"}],"wp:term":[{"taxonomy":"category","embeddable":true,"href":"https:\/\/www.tour-blog.de\/index.php?rest_route=%2Fwp%2Fv2%2Fcategories&post=191"},{"taxonomy":"post_tag","embeddable":true,"href":"https:\/\/www.tour-blog.de\/index.php?rest_route=%2Fwp%2Fv2%2Ftags&post=191"}],"curies":[{"name":"wp","href":"https:\/\/api.w.org\/{rel}","templated":true}]}}