{"id":17,"date":"2006-01-26T19:30:53","date_gmt":"2006-01-26T18:30:53","guid":{"rendered":"http:\/\/www.tour-blog.de\/?p=17"},"modified":"2007-04-07T18:02:42","modified_gmt":"2007-04-07T16:02:42","slug":"promogig-in-ulm","status":"publish","type":"post","link":"https:\/\/www.tour-blog.de\/?p=17","title":{"rendered":"Promogig in Ulm"},"content":{"rendered":"<p>Nachdem gestern das W-LAN &#8211; System im Hotel abgest\u00fcrzt war, gibt es den Bericht \u00fcber das Konzert halt erst heute.<\/p>\n<p>Beim Betreten des Saals erst mal gro\u00dfe Verwunderung: die B\u00fchne war nur 4m breit und 3m tief. Das pa\u00dft nie und nimmer. Bei den &#8222;kleinen&#8220; Shows gibt&#8217;s immer drei Musiker: Hardy (Gitarre), Olaf (Kontraba\u00df) und Friedrich (Wurlitzer &#8211; Piano, Cello, Akkordeon, Bluesharp). Und Annett mu\u00df ja auch noch irgendwo hin. Also habe ich erst mal noch zus\u00e4tzliche B\u00fctecs ankarren lassen, damit die B\u00fchne wenigstens mal 6m breit wird. Dann stand das Tonpult neben der B\u00fchne. Das ist f\u00fcr Tanzmusiker sicher akzeptabel, f\u00fcr ein vern\u00fcnftiges Konzert aber nicht, weil der Tonmann ja nicht h\u00f6rt, was er mischt; bei der Besetzung w\u00e4re das schon mal von Vorteil. Und so mu\u00dfte das Pult halt umziehen. Die \u00f6rtlichen Techniker (die Firma m\u00f6chte ich jetzt hier nicht nennen) waren nicht so richtig motiviert, sondern meinten, da\u00df ich mich nicht so anstellen solle, es w\u00e4re doch nur ein kleiner Gig, da lohne sich der Aufwand nicht. Wer mich kennt wei\u00df, da\u00df ich ihnen sehr unmi\u00dfverst\u00e4ndlich klar gemacht habe, da\u00df selbst ein 5 Minuten &#8211; Auftritt den Aufwand rechtfertigen w\u00fcrde; Annett hat 40 Muniten gespielt, da also erst recht. Da\u00df das Licht dann auch nur extremst einfach war, spielte ja dann keine Rolle mehr.<\/p>\n<p>Der Saal des Hotels hie\u00df \u00fcbrigens &#8222;Stadl&#8220; und wenn jetzt optische Vorurteile kommen, so stimmten sie alle. F\u00fcr eine Aufzeichnung der &#8222;Lustigen Musikanten&#8220; bestimmt eine tolle Location. F\u00fcr Annett&#8230;.. aber die Akustik des Raumes war gut. Man soll ja auch auf die positiven Seiten achten. Jedenfalls haben wir gel\u00e4stert, da\u00df wir zur Show drei Dirndl f\u00fcr die Band und Lederhosen f\u00fcr Annett brauchen :-) Das Konzert war dann aber ganz ok. und die Musiker sind zufrieden in Richtung Bar. Um 22:00 hatte ich dann schon alles wieder im K\u00fchlschrank &#8230;.. \u00e4\u00e4hhh &#8230;.. Auto.<\/p>\n<p>Beigef\u00fcgt habe ich mal zwei Bilder von Friedrichs liebevoll topgepflegtem Equipment. Zum einen die beiden Verst\u00e4rker (der extrem rare Suprem ist f\u00fcr die Bluesharp, der Fender f\u00fcr das Wurlitzer) und dann mal das Wurlitzer mit &#8222;Fahrradlampe&#8220; (ein spezielles Mikro f\u00fcr die Harp) und Bluesharp.<\/p>\n<p style=\"text-align: center\"><img src=\"https:\/\/www.tour-blog.de\/2006\/01\/Friedrichs%20Amps.jpg\" alt=\"Friedrichs Amps: Suprem und Fender deLuxe Reverb\" title=\"Friedrichs Amps: Suprem und Fender deLuxe Reverb\" id=\"image15\" \/><\/p>\n<p style=\"text-align: center\"><img src=\"https:\/\/www.tour-blog.de\/2006\/01\/Wurlitzer.jpg\" alt=\"Wurlitzer Piano und die Shure \"Fahrradlampe\"\" title=\"Wurlitzer Piano und die Shure \"Fahrradlampe\"\" id=\"image16\" \/><\/p>\n","protected":false},"excerpt":{"rendered":"<p>Nachdem gestern das W-LAN &#8211; System im Hotel abgest\u00fcrzt war, gibt es den Bericht \u00fcber das Konzert halt erst heute. Beim Betreten des Saals erst mal gro\u00dfe Verwunderung: die B\u00fchne war nur 4m breit und 3m tief. Das pa\u00dft nie und nimmer. Bei den &#8222;kleinen&#8220; Shows gibt&#8217;s immer drei Musiker: Hardy (Gitarre), Olaf (Kontraba\u00df) und &hellip; <a href=\"https:\/\/www.tour-blog.de\/?p=17\" class=\"more-link\"><span class=\"screen-reader-text\">\u201ePromogig in Ulm\u201c<\/span> weiterlesen<\/a><\/p>\n","protected":false},"author":7,"featured_media":0,"comment_status":"open","ping_status":"open","sticky":false,"template":"","format":"standard","meta":[],"categories":[11],"tags":[],"_links":{"self":[{"href":"https:\/\/www.tour-blog.de\/index.php?rest_route=\/wp\/v2\/posts\/17"}],"collection":[{"href":"https:\/\/www.tour-blog.de\/index.php?rest_route=\/wp\/v2\/posts"}],"about":[{"href":"https:\/\/www.tour-blog.de\/index.php?rest_route=\/wp\/v2\/types\/post"}],"author":[{"embeddable":true,"href":"https:\/\/www.tour-blog.de\/index.php?rest_route=\/wp\/v2\/users\/7"}],"replies":[{"embeddable":true,"href":"https:\/\/www.tour-blog.de\/index.php?rest_route=%2Fwp%2Fv2%2Fcomments&post=17"}],"version-history":[{"count":0,"href":"https:\/\/www.tour-blog.de\/index.php?rest_route=\/wp\/v2\/posts\/17\/revisions"}],"wp:attachment":[{"href":"https:\/\/www.tour-blog.de\/index.php?rest_route=%2Fwp%2Fv2%2Fmedia&parent=17"}],"wp:term":[{"taxonomy":"category","embeddable":true,"href":"https:\/\/www.tour-blog.de\/index.php?rest_route=%2Fwp%2Fv2%2Fcategories&post=17"},{"taxonomy":"post_tag","embeddable":true,"href":"https:\/\/www.tour-blog.de\/index.php?rest_route=%2Fwp%2Fv2%2Ftags&post=17"}],"curies":[{"name":"wp","href":"https:\/\/api.w.org\/{rel}","templated":true}]}}