{"id":1493,"date":"2008-08-18T22:30:47","date_gmt":"2008-08-18T20:30:47","guid":{"rendered":"http:\/\/www.tour-blog.de\/?p=1493"},"modified":"2008-08-18T22:39:25","modified_gmt":"2008-08-18T20:39:25","slug":"unterwegs-gesehen","status":"publish","type":"post","link":"https:\/\/www.tour-blog.de\/?p=1493","title":{"rendered":"unterwegs gesehen"},"content":{"rendered":"<p><img loading=\"lazy\" class=\"alignnone\" title=\"Was ist das wohl\" src=\"https:\/\/www.tour-blog.de\/2008\/08\/Annett\/Fahrt 1.jpg\" alt=\"\" width=\"700\" height=\"480\" \/><\/p>\n<p>Als Techniker sieht man ja alles m\u00f6gliche, woran andere vorbeifahren. Hier wunderte ich mich: hat der da hinten einen <a title=\"Die PAR 36 - Lampen bei Wikipadia\" href=\"http:\/\/de.wikipedia.org\/wiki\/PAR_36\" target=\"_blank\">PAR 36<\/a> <a title=\"die ACLs bei Wikipedia\" href=\"http:\/\/de.wikipedia.org\/wiki\/Aircraft_Landing\" target=\"_blank\">ACL<\/a> &#8211; Satz montiert ?\u00a0 Keine Ahnung, was es tats\u00e4chlich ist, aber die Assoziation war f\u00fcr mich ganz klar (und viele Gr\u00fc\u00dfe an die Lichtkollegen).<\/p>\n<p><img loading=\"lazy\" class=\"alignleft\" style=\"float: left;\" title=\"Parkplatz Krachgarten an der A5\" src=\"https:\/\/www.tour-blog.de\/2008\/08\/Annett\/Fahrt 2.jpg\" alt=\"\" width=\"250\" height=\"153\" \/>Und hier ein Parkplatz, den wilde Kinder bestimmt total m\u00f6gen und m\u00fcde Trucker \u00fcberhaupt nicht: den <em>Krachgarten<\/em> findet man an der A5. Das Bild ist leider unscharf, weil w\u00e4hrend der Fahrt schnell aus der H\u00fcfte geschossen. Ich frage mich ja oft, wie denn so mancher Ortsname entsteht. Krachgarten finde ich dabei schon ziemlich witzig. W\u00e4re bestimmt ein guter Platz f\u00fcr Konzerte, denn f\u00fcr Ruhest\u00f6rung kann man hier bestimmt nicht angezeigt werden&#8230;&#8230;<\/p>\n","protected":false},"excerpt":{"rendered":"<p>Als Techniker sieht man ja alles m\u00f6gliche, woran andere vorbeifahren. Hier wunderte ich mich: hat der da hinten einen PAR 36 ACL &#8211; Satz montiert ?\u00a0 Keine Ahnung, was es tats\u00e4chlich ist, aber die Assoziation war f\u00fcr mich ganz klar (und viele Gr\u00fc\u00dfe an die Lichtkollegen). Und hier ein Parkplatz, den wilde Kinder bestimmt total &hellip; <a href=\"https:\/\/www.tour-blog.de\/?p=1493\" class=\"more-link\"><span class=\"screen-reader-text\">\u201eunterwegs gesehen\u201c<\/span> weiterlesen<\/a><\/p>\n","protected":false},"author":7,"featured_media":0,"comment_status":"open","ping_status":"open","sticky":false,"template":"","format":"standard","meta":[],"categories":[8],"tags":[],"_links":{"self":[{"href":"https:\/\/www.tour-blog.de\/index.php?rest_route=\/wp\/v2\/posts\/1493"}],"collection":[{"href":"https:\/\/www.tour-blog.de\/index.php?rest_route=\/wp\/v2\/posts"}],"about":[{"href":"https:\/\/www.tour-blog.de\/index.php?rest_route=\/wp\/v2\/types\/post"}],"author":[{"embeddable":true,"href":"https:\/\/www.tour-blog.de\/index.php?rest_route=\/wp\/v2\/users\/7"}],"replies":[{"embeddable":true,"href":"https:\/\/www.tour-blog.de\/index.php?rest_route=%2Fwp%2Fv2%2Fcomments&post=1493"}],"version-history":[{"count":0,"href":"https:\/\/www.tour-blog.de\/index.php?rest_route=\/wp\/v2\/posts\/1493\/revisions"}],"wp:attachment":[{"href":"https:\/\/www.tour-blog.de\/index.php?rest_route=%2Fwp%2Fv2%2Fmedia&parent=1493"}],"wp:term":[{"taxonomy":"category","embeddable":true,"href":"https:\/\/www.tour-blog.de\/index.php?rest_route=%2Fwp%2Fv2%2Fcategories&post=1493"},{"taxonomy":"post_tag","embeddable":true,"href":"https:\/\/www.tour-blog.de\/index.php?rest_route=%2Fwp%2Fv2%2Ftags&post=1493"}],"curies":[{"name":"wp","href":"https:\/\/api.w.org\/{rel}","templated":true}]}}