{"id":127,"date":"2006-03-05T11:21:47","date_gmt":"2006-03-05T10:21:47","guid":{"rendered":"http:\/\/www.tour-blog.de\/?p=127"},"modified":"2008-01-08T20:07:28","modified_gmt":"2008-01-08T19:07:28","slug":"eingeschneit","status":"publish","type":"post","link":"https:\/\/www.tour-blog.de\/?p=127","title":{"rendered":"eingeschneit"},"content":{"rendered":"<p>Liebe Freunde der Annett Louisan &#8211; Tour, ich mu\u00df Euch leider mitteilen, da\u00df die n\u00e4chsten Termine ausfallen. Ich bin n\u00e4mlich eingeschneit. Bei mir im Garten sieht es so aus:<\/p>\n<p style=\"text-align: center\"><img src=\"https:\/\/www.tour-blog.de\/wp-content\/uploads\/2006\/03\/eingeschneit.jpg\" title=\"der eingeschneite Garten\" alt=\"der eingeschneite Garten\" \/><\/p>\n<p>Also das mit der Tour ist nat\u00fcrlich Quatsch , aber ich bin ganz hin und her gerissen. Auf jeden Fall werden ich jetzt erst mal rausgehen und den Schnee feiern. Sch\u00f6n spazieren geh&#8217;n und mich zwischendurch mit Lumumba vollaufen lassen. Das Wetter finde ich nat\u00fcrlich trotzdem nicht so doll f\u00fcr die Tour. Zum einen, weil ich an die Fahrer denke, die Nachts durch den Schnee schlittern m\u00fcssen. Irgendwie bekommt der R\u00e4umdienst es nachts n\u00e4mlich nie hin, die Stra\u00dfen freizuhalten. Und dann, weil ich bei rutschigen Stra\u00dfen einfach nicht ganz so entspannt schlafe. Obwohl Andreas echt &#8217;n guter Fahrer ist.<\/p>\n<p>Nachtrag: unser Trucker Hammer rief gerade an und erz\u00e4hlte, da\u00df er auf dem Weg nach D\u00fcsseldorf sei und zwischendurch schon mal Schneeketten montiert hatte, damit er \u00fcberhaupt auf die Autobahn kam. Suuuuuper !<\/p>\n","protected":false},"excerpt":{"rendered":"<p>Liebe Freunde der Annett Louisan &#8211; Tour, ich mu\u00df Euch leider mitteilen, da\u00df die n\u00e4chsten Termine ausfallen. Ich bin n\u00e4mlich eingeschneit. Bei mir im Garten sieht es so aus: Also das mit der Tour ist nat\u00fcrlich Quatsch , aber ich bin ganz hin und her gerissen. Auf jeden Fall werden ich jetzt erst mal rausgehen &hellip; <a href=\"https:\/\/www.tour-blog.de\/?p=127\" class=\"more-link\"><span class=\"screen-reader-text\">\u201eeingeschneit\u201c<\/span> weiterlesen<\/a><\/p>\n","protected":false},"author":7,"featured_media":0,"comment_status":"open","ping_status":"open","sticky":false,"template":"","format":"standard","meta":[],"categories":[23],"tags":[],"_links":{"self":[{"href":"https:\/\/www.tour-blog.de\/index.php?rest_route=\/wp\/v2\/posts\/127"}],"collection":[{"href":"https:\/\/www.tour-blog.de\/index.php?rest_route=\/wp\/v2\/posts"}],"about":[{"href":"https:\/\/www.tour-blog.de\/index.php?rest_route=\/wp\/v2\/types\/post"}],"author":[{"embeddable":true,"href":"https:\/\/www.tour-blog.de\/index.php?rest_route=\/wp\/v2\/users\/7"}],"replies":[{"embeddable":true,"href":"https:\/\/www.tour-blog.de\/index.php?rest_route=%2Fwp%2Fv2%2Fcomments&post=127"}],"version-history":[{"count":0,"href":"https:\/\/www.tour-blog.de\/index.php?rest_route=\/wp\/v2\/posts\/127\/revisions"}],"wp:attachment":[{"href":"https:\/\/www.tour-blog.de\/index.php?rest_route=%2Fwp%2Fv2%2Fmedia&parent=127"}],"wp:term":[{"taxonomy":"category","embeddable":true,"href":"https:\/\/www.tour-blog.de\/index.php?rest_route=%2Fwp%2Fv2%2Fcategories&post=127"},{"taxonomy":"post_tag","embeddable":true,"href":"https:\/\/www.tour-blog.de\/index.php?rest_route=%2Fwp%2Fv2%2Ftags&post=127"}],"curies":[{"name":"wp","href":"https:\/\/api.w.org\/{rel}","templated":true}]}}