{"id":126,"date":"2006-03-05T00:00:29","date_gmt":"2006-03-04T23:00:29","guid":{"rendered":"http:\/\/www.tour-blog.de\/?p=126"},"modified":"2008-01-08T20:12:39","modified_gmt":"2008-01-08T19:12:39","slug":"raumdesign","status":"publish","type":"post","link":"https:\/\/www.tour-blog.de\/?p=126","title":{"rendered":"Raumdesign"},"content":{"rendered":"<p>Heute habe ich in meinem B\u00fcro ziemlich aufger\u00e4umt und mir noch mal ein paar Gedanken dar\u00fcber gemacht, wie ich diesen Raum eigentlich gestalten m\u00f6chte. Alle anderen R\u00e4ume meiner Wohnung gefallen mir, nur das B\u00fcro eben noch nicht. Es soll nicht nur Arbeitsraum sein, sondern auch gem\u00fctlich. Irgendwie soll hier ein Sofa rein, aber die H\u00e4ngematte finde ich auch sehr gem\u00fctlich. Der Schreibtisch m\u00fc\u00dfte schon recht gro\u00df sein und ein Regal f\u00fcr Akten und B\u00fccher ist ebenfalls Pflicht. Zur Zeit ist eine Wand komplett mit Schreibtisch und Regal voll, die andere L\u00e4ngswand noch komplett frei.<\/p>\n<p style=\"text-align: center\"><a href=\"https:\/\/www.tour-blog.de\/wp-content\/uploads\/2006\/03\/Buero\/Buero%20zum%20Fenster.jpg\" title=\"Komplettansicht des B\u00fcros in Richtung Fenster\" target=\"_blank\"><img src=\"https:\/\/www.tour-blog.de\/wp-content\/uploads\/2006\/03\/Buero\/Buero%20zum%20Fenster%20Vorschau.jpg\" title=\"Vorschau des B\u00fcros in Richtung des Fensters\" alt=\"Vorschau des B\u00fcros in Richtung des Fensters\" \/><\/a><\/p>\n<p>Jetzt seid Ihr an der Reihe: habt Ihr Ideen und Vorschl\u00e4ge ? Ist vielleicht ein Designer unter Euch ? Wie immer sind die Panoramen gr\u00f6\u00dferklickbar, nach dem &#8222;Weiterlesen&#8220; &#8211; Link gibt es noch eine zweite Ansicht des Raumes und auch einen Plan mit Ma\u00dfen, den man sich ebenfalls gr\u00f6\u00dferklicken kann. Ich bin gespannt und freue mich auf Eure Vorschl\u00e4ge, die Ihr mir auch zumailen k\u00f6nnt. Die Adresse findet Ihr im Impressum.<\/p>\n<p>Nachtrag, 05.03.2006, 15:30: es gibt noch ein Bild, auf dem Ihr auch mein Lebezimmer sehen k\u00f6nnt.<\/p>\n<p><!--more--><\/p>\n<p style=\"text-align: center\"><a href=\"https:\/\/www.tour-blog.de\/wp-content\/uploads\/2006\/03\/Buero\/Buero%20zur%20Tuer.jpg\" title=\"Komplettansicht des B\u00fcros zur T\u00fcr hin\" target=\"_blank\"><img src=\"https:\/\/www.tour-blog.de\/wp-content\/uploads\/2006\/03\/Buero\/Buero%20zur%20Tuer%20Vorschau.jpg\" title=\"Vorschau der Ansicht zur T\u00fcr\" alt=\"Vorschau der Ansicht zur T\u00fcr\" \/><\/a><\/p>\n<p style=\"text-align: center\"><a href=\"https:\/\/www.tour-blog.de\/wp-content\/uploads\/2006\/03\/Buero\/Plan.jpg\" title=\"Komplettansicht des Wohnungsplans\" target=\"_blank\"><img src=\"https:\/\/www.tour-blog.de\/wp-content\/uploads\/2006\/03\/Buero\/Plan%20Vorschau.jpg\" title=\"Plan meiner Wohnung\" alt=\"Plan meiner Wohnung\" \/><\/a><\/p>\n<p style=\"text-align: center\"><a href=\"https:\/\/www.tour-blog.de\/wp-content\/uploads\/2006\/03\/Buero\/Rundumschlag.jpg\" target=\"_blank\" title=\"Komplettansicht Rundumschlag\"><img src=\"https:\/\/www.tour-blog.de\/wp-content\/uploads\/2006\/03\/Buero\/Rundumschlag%20Vorschau.jpg\" alt=\"Vorschau des Rundumschlags\" title=\"Vorschau des Rundumschlags\" \/><\/a><\/p>\n","protected":false},"excerpt":{"rendered":"<p>Heute habe ich in meinem B\u00fcro ziemlich aufger\u00e4umt und mir noch mal ein paar Gedanken dar\u00fcber gemacht, wie ich diesen Raum eigentlich gestalten m\u00f6chte. Alle anderen R\u00e4ume meiner Wohnung gefallen mir, nur das B\u00fcro eben noch nicht. Es soll nicht nur Arbeitsraum sein, sondern auch gem\u00fctlich. Irgendwie soll hier ein Sofa rein, aber die H\u00e4ngematte &hellip; <a href=\"https:\/\/www.tour-blog.de\/?p=126\" class=\"more-link\"><span class=\"screen-reader-text\">\u201eRaumdesign\u201c<\/span> weiterlesen<\/a><\/p>\n","protected":false},"author":7,"featured_media":0,"comment_status":"open","ping_status":"open","sticky":false,"template":"","format":"standard","meta":[],"categories":[23],"tags":[],"_links":{"self":[{"href":"https:\/\/www.tour-blog.de\/index.php?rest_route=\/wp\/v2\/posts\/126"}],"collection":[{"href":"https:\/\/www.tour-blog.de\/index.php?rest_route=\/wp\/v2\/posts"}],"about":[{"href":"https:\/\/www.tour-blog.de\/index.php?rest_route=\/wp\/v2\/types\/post"}],"author":[{"embeddable":true,"href":"https:\/\/www.tour-blog.de\/index.php?rest_route=\/wp\/v2\/users\/7"}],"replies":[{"embeddable":true,"href":"https:\/\/www.tour-blog.de\/index.php?rest_route=%2Fwp%2Fv2%2Fcomments&post=126"}],"version-history":[{"count":0,"href":"https:\/\/www.tour-blog.de\/index.php?rest_route=\/wp\/v2\/posts\/126\/revisions"}],"wp:attachment":[{"href":"https:\/\/www.tour-blog.de\/index.php?rest_route=%2Fwp%2Fv2%2Fmedia&parent=126"}],"wp:term":[{"taxonomy":"category","embeddable":true,"href":"https:\/\/www.tour-blog.de\/index.php?rest_route=%2Fwp%2Fv2%2Fcategories&post=126"},{"taxonomy":"post_tag","embeddable":true,"href":"https:\/\/www.tour-blog.de\/index.php?rest_route=%2Fwp%2Fv2%2Ftags&post=126"}],"curies":[{"name":"wp","href":"https:\/\/api.w.org\/{rel}","templated":true}]}}