{"id":121,"date":"2006-03-03T00:00:19","date_gmt":"2006-03-02T23:00:19","guid":{"rendered":"http:\/\/www.tour-blog.de\/?p=121"},"modified":"2008-01-08T20:11:48","modified_gmt":"2008-01-08T19:11:48","slug":"langer-tag","status":"publish","type":"post","link":"https:\/\/www.tour-blog.de\/?p=121","title":{"rendered":"Langer Tag"},"content":{"rendered":"<p>Heute war wirklich ein langer Tag. Um 08:00 schon beim Arzt gewesen, um 09:30 war Friedrich Paravicini (der Keyboarder und Chellist von Annett Louisan) kurz bei mir, um seinen Fender &#8211; Amp abzuholen, danach war ich noch ein paar Kleinigkeiten f\u00fcr die Annett &#8211; Tour einkaufen, um mich dann auf den Weg nach L\u00fcneburg &#8211; Adendorf zu machen. Vorbesprechungstermin mit \u00c4mtern und allen Beteiligten.<\/p>\n<p>In Sachen Fu\u00dfball WM in der Eishalle sind wir uns mit den zust\u00e4ndigen Beh\u00f6rden grunds\u00e4tzlich \u00fcber Fluchtwege und Verkehrslenkung einig, haben noch ein bi\u00dfchen Strom &#8222;gefunden&#8220;, sind viele Details durchgegangen und wenn ich Anfang n\u00e4chster Woche alle Ma\u00dfe der Theken habe (die bekommen wir erst auf der <a href=\"http:\/\/www.hamburg-messe.de\/internorga\/in_de\/start_main.php\" target=\"_blank\" title=\"InterNorga\">InterNorga<\/a>, einer gro\u00dfen Gastronomiemesse in Hamburg), kann ich endlich anfangen, alle Pl\u00e4ne zu zeichnen, damit ich sie auch rechtzeitig noch genehmigt bekomme.<\/p>\n<p>Sp\u00e4ter habe ich mich noch mit Julia Leinius vom <a href=\"http:\/\/www.vamoskulturhalle.de\/\" target=\"_blank\" title=\"Vamos !\">Vamos !<\/a>  zum gem\u00fctlichen Kl\u00f6nen getroffen; das war sehr sch\u00f6n.<\/p>\n<p>Jetzt geh&#8216; ich erst mal schlummern, denn morgen fr\u00fch mu\u00df ich schon wieder zum Arzt, die ganzen Ergebnisse abholen. Tr\u00e4umt s\u00fc\u00df !<\/p>\n","protected":false},"excerpt":{"rendered":"<p>Heute war wirklich ein langer Tag. Um 08:00 schon beim Arzt gewesen, um 09:30 war Friedrich Paravicini (der Keyboarder und Chellist von Annett Louisan) kurz bei mir, um seinen Fender &#8211; Amp abzuholen, danach war ich noch ein paar Kleinigkeiten f\u00fcr die Annett &#8211; Tour einkaufen, um mich dann auf den Weg nach L\u00fcneburg &#8211; &hellip; <a href=\"https:\/\/www.tour-blog.de\/?p=121\" class=\"more-link\"><span class=\"screen-reader-text\">\u201eLanger Tag\u201c<\/span> weiterlesen<\/a><\/p>\n","protected":false},"author":7,"featured_media":0,"comment_status":"open","ping_status":"open","sticky":false,"template":"","format":"standard","meta":[],"categories":[16,23],"tags":[],"_links":{"self":[{"href":"https:\/\/www.tour-blog.de\/index.php?rest_route=\/wp\/v2\/posts\/121"}],"collection":[{"href":"https:\/\/www.tour-blog.de\/index.php?rest_route=\/wp\/v2\/posts"}],"about":[{"href":"https:\/\/www.tour-blog.de\/index.php?rest_route=\/wp\/v2\/types\/post"}],"author":[{"embeddable":true,"href":"https:\/\/www.tour-blog.de\/index.php?rest_route=\/wp\/v2\/users\/7"}],"replies":[{"embeddable":true,"href":"https:\/\/www.tour-blog.de\/index.php?rest_route=%2Fwp%2Fv2%2Fcomments&post=121"}],"version-history":[{"count":0,"href":"https:\/\/www.tour-blog.de\/index.php?rest_route=\/wp\/v2\/posts\/121\/revisions"}],"wp:attachment":[{"href":"https:\/\/www.tour-blog.de\/index.php?rest_route=%2Fwp%2Fv2%2Fmedia&parent=121"}],"wp:term":[{"taxonomy":"category","embeddable":true,"href":"https:\/\/www.tour-blog.de\/index.php?rest_route=%2Fwp%2Fv2%2Fcategories&post=121"},{"taxonomy":"post_tag","embeddable":true,"href":"https:\/\/www.tour-blog.de\/index.php?rest_route=%2Fwp%2Fv2%2Ftags&post=121"}],"curies":[{"name":"wp","href":"https:\/\/api.w.org\/{rel}","templated":true}]}}