{"id":1191,"date":"2008-04-11T19:17:53","date_gmt":"2008-04-11T17:17:53","guid":{"rendered":"http:\/\/www.tour-blog.de\/?p=1191"},"modified":"2008-04-11T19:39:12","modified_gmt":"2008-04-11T17:39:12","slug":"jag-overlamnar-mig-till-dig","status":"publish","type":"post","link":"https:\/\/www.tour-blog.de\/?p=1191","title":{"rendered":"Jag \u00f6verl\u00e4mnar mig till dig"},"content":{"rendered":"<p><img loading=\"lazy\" src=\"https:\/\/www.tour-blog.de\/2008\/04\/Pilgrim.jpg\" alt=\"Fjarill: Pilgrim; Copyright: Fjarill, Michy Reincke\" width=\"700\" height=\"623\" \/><br \/>\nWie schon <a title=\"Die Releasekonzert - Ank\u00fcndigung\" href=\"https:\/\/www.tour-blog.de\/?p=1079\" target=\"_blank\">berichtet<\/a> erschien letzte Woche <a title=\"Fjarill\" href=\"http:\/\/www.fjarill.de\/\" target=\"_blank\">Fjarill<\/a>s neue CD <a title=\"Die CD bei Amazon\" href=\"http:\/\/www.amazon.de\/Pilgrim-Fjarill\/dp\/B000ZA32FA\" target=\"_blank\">Pilgrim<\/a> und auch wenn ich beim Release &#8211; Konzert (<a title=\"Konzertbericht der WELT\" href=\"http:\/\/www.welt.de\/welt_print\/article1869195\/Fjarill_in_der_Fabrik_Damenduo_erfindet_neuen_Musikstil.html\" target=\"_blank\">Bericht in der WELT<\/a>) nicht mit dabei sein konnte, so habe ich mir das Album nat\u00fcrlich doch gekauft. Wie schon das Erstlingswerk besticht die  Musik des schwedisch \/ s\u00fcdafrikanischen Duos, das teilweise durch bekannte Hamburger Gr\u00f6\u00dfen wie Christoph Buhse, Thomas Biller oder Hagen Kuhr unterst\u00fctzt wird, durch dichte, zerbrechlich und intim wirkende, teilweise sph\u00e4rische Musik, dessen Mittelpunkt immer der wundersch\u00f6ne Gesang Aino L\u00f6wenmarks ist.<\/p>\n<p>Das sch\u00f6ne am Stil Fjarills ist, da\u00df er sich nicht mit dem eines anderen K\u00fcnstlers vergleichen l\u00e4\u00dft. Die beiden haben ein eigenes Genre geschaffen, ihre ganz eigene musikalische Marktl\u00fccke und die f\u00fcllen sie perfekt aus. Eine Kaufempfehlung f\u00fcr alle, die Weite h\u00f6ren k\u00f6nnen und ein Ohr f\u00fcr ruhige Musik voller Kleinigkeiten haben.<\/p>\n","protected":false},"excerpt":{"rendered":"<p>Wie schon berichtet erschien letzte Woche Fjarills neue CD Pilgrim und auch wenn ich beim Release &#8211; Konzert (Bericht in der WELT) nicht mit dabei sein konnte, so habe ich mir das Album nat\u00fcrlich doch gekauft. Wie schon das Erstlingswerk besticht die Musik des schwedisch \/ s\u00fcdafrikanischen Duos, das teilweise durch bekannte Hamburger Gr\u00f6\u00dfen wie &hellip; <a href=\"https:\/\/www.tour-blog.de\/?p=1191\" class=\"more-link\"><span class=\"screen-reader-text\">\u201eJag \u00f6verl\u00e4mnar mig till dig\u201c<\/span> weiterlesen<\/a><\/p>\n","protected":false},"author":7,"featured_media":0,"comment_status":"open","ping_status":"open","sticky":false,"template":"","format":"standard","meta":[],"categories":[38],"tags":[],"_links":{"self":[{"href":"https:\/\/www.tour-blog.de\/index.php?rest_route=\/wp\/v2\/posts\/1191"}],"collection":[{"href":"https:\/\/www.tour-blog.de\/index.php?rest_route=\/wp\/v2\/posts"}],"about":[{"href":"https:\/\/www.tour-blog.de\/index.php?rest_route=\/wp\/v2\/types\/post"}],"author":[{"embeddable":true,"href":"https:\/\/www.tour-blog.de\/index.php?rest_route=\/wp\/v2\/users\/7"}],"replies":[{"embeddable":true,"href":"https:\/\/www.tour-blog.de\/index.php?rest_route=%2Fwp%2Fv2%2Fcomments&post=1191"}],"version-history":[{"count":0,"href":"https:\/\/www.tour-blog.de\/index.php?rest_route=\/wp\/v2\/posts\/1191\/revisions"}],"wp:attachment":[{"href":"https:\/\/www.tour-blog.de\/index.php?rest_route=%2Fwp%2Fv2%2Fmedia&parent=1191"}],"wp:term":[{"taxonomy":"category","embeddable":true,"href":"https:\/\/www.tour-blog.de\/index.php?rest_route=%2Fwp%2Fv2%2Fcategories&post=1191"},{"taxonomy":"post_tag","embeddable":true,"href":"https:\/\/www.tour-blog.de\/index.php?rest_route=%2Fwp%2Fv2%2Ftags&post=1191"}],"curies":[{"name":"wp","href":"https:\/\/api.w.org\/{rel}","templated":true}]}}