{"id":1079,"date":"2008-01-02T12:19:25","date_gmt":"2008-01-02T11:19:25","guid":{"rendered":"http:\/\/www.tour-blog.de\/?p=1079"},"modified":"2008-03-12T16:19:45","modified_gmt":"2008-03-12T15:19:45","slug":"neue-cd","status":"publish","type":"post","link":"https:\/\/www.tour-blog.de\/?p=1079","title":{"rendered":"Neue CD"},"content":{"rendered":"<p style=\"text-align: center\"><img loading=\"lazy\" src=\"https:\/\/www.tour-blog.de\/2008\/01\/Fjarill.jpg\" alt=\"Fjarill; Copyright: Stefan Malzkorn, Fjarill\" height=\"467\" width=\"700\" \/><\/p>\n<p>Zugegeben, es ist noch etwas hin, aber am 02.04.2008 wird <a href=\"http:\/\/www.fjarill.de\" title=\"Fjarill\" target=\"_blank\">Fjarill<\/a> in der <a href=\"http:\/\/www.fabrik.de\/\" title=\"Fabrik in Hamburg\" target=\"_blank\">Fabrik<\/a> ihre zweite CD &#8222;Pilgrim&#8220; vorstellen. Man mu\u00df gar nicht lang rumreden, ich bin echter Fan dieser Musik, finde die erste CD traumhaft (dieses Wort, traumhaft, trifft es sehr genau), durfte bisher <a href=\"https:\/\/www.tour-blog.de\/?p=689\" title=\"Fjarill als Support bei Stefan Gwildis\" target=\"_blank\">eins<\/a>, <a href=\"https:\/\/www.tour-blog.de\/?p=847\" title=\"Fjarill bei Hamburg Sounds\" target=\"_blank\">zwei<\/a>, <a href=\"https:\/\/www.tour-blog.de\/?p=866\" title=\"Fjarill im Gastpalast\" target=\"_blank\">drei<\/a> Konzerte sehen und auch wenn ich noch nicht wei\u00df, ob ich es zum Release &#8211; Konzert schaffen werde, so m\u00f6chte ich allen, die zu dem Zeitpunkt grob in der N\u00e4he Hamburgs sind sehr nahe ans Herz legen, das Konzert zu besuchen. Leute, die die zwei schon gesehen haben, wissen sowieso, was ich meine. Und all&#8216; die, die keine Ahnung haben, was das denn jetzt schon wieder f\u00fcr zwei M\u00e4dels sind: Karten kaufen, hingeh&#8217;n. Die Musik ist absolut nicht formatradiotauglich, trifft aber jeden. Versprochen.<\/p>\n","protected":false},"excerpt":{"rendered":"<p>Zugegeben, es ist noch etwas hin, aber am 02.04.2008 wird Fjarill in der Fabrik ihre zweite CD &#8222;Pilgrim&#8220; vorstellen. Man mu\u00df gar nicht lang rumreden, ich bin echter Fan dieser Musik, finde die erste CD traumhaft (dieses Wort, traumhaft, trifft es sehr genau), durfte bisher eins, zwei, drei Konzerte sehen und auch wenn ich noch &hellip; <a href=\"https:\/\/www.tour-blog.de\/?p=1079\" class=\"more-link\"><span class=\"screen-reader-text\">\u201eNeue CD\u201c<\/span> weiterlesen<\/a><\/p>\n","protected":false},"author":7,"featured_media":0,"comment_status":"open","ping_status":"open","sticky":false,"template":"","format":"standard","meta":[],"categories":[38],"tags":[],"_links":{"self":[{"href":"https:\/\/www.tour-blog.de\/index.php?rest_route=\/wp\/v2\/posts\/1079"}],"collection":[{"href":"https:\/\/www.tour-blog.de\/index.php?rest_route=\/wp\/v2\/posts"}],"about":[{"href":"https:\/\/www.tour-blog.de\/index.php?rest_route=\/wp\/v2\/types\/post"}],"author":[{"embeddable":true,"href":"https:\/\/www.tour-blog.de\/index.php?rest_route=\/wp\/v2\/users\/7"}],"replies":[{"embeddable":true,"href":"https:\/\/www.tour-blog.de\/index.php?rest_route=%2Fwp%2Fv2%2Fcomments&post=1079"}],"version-history":[{"count":0,"href":"https:\/\/www.tour-blog.de\/index.php?rest_route=\/wp\/v2\/posts\/1079\/revisions"}],"wp:attachment":[{"href":"https:\/\/www.tour-blog.de\/index.php?rest_route=%2Fwp%2Fv2%2Fmedia&parent=1079"}],"wp:term":[{"taxonomy":"category","embeddable":true,"href":"https:\/\/www.tour-blog.de\/index.php?rest_route=%2Fwp%2Fv2%2Fcategories&post=1079"},{"taxonomy":"post_tag","embeddable":true,"href":"https:\/\/www.tour-blog.de\/index.php?rest_route=%2Fwp%2Fv2%2Ftags&post=1079"}],"curies":[{"name":"wp","href":"https:\/\/api.w.org\/{rel}","templated":true}]}}