{"id":1037,"date":"2007-12-03T16:40:22","date_gmt":"2007-12-03T15:40:22","guid":{"rendered":"http:\/\/www.tour-blog.de\/?p=1037"},"modified":"2007-12-03T16:40:23","modified_gmt":"2007-12-03T15:40:23","slug":"danke","status":"publish","type":"post","link":"https:\/\/www.tour-blog.de\/?p=1037","title":{"rendered":"Danke !"},"content":{"rendered":"<p>Es ist schon toll, wenn man f\u00fcr einen Offday nach Hause kommt und im Briefkasten nicht nur Rechnungen, sondern auch eine CD von <a href=\"http:\/\/www.mariamena.de\/\" title=\"Maria Mena\" target=\"_blank\">Maria Mena<\/a> liegt. Bei meinem <a href=\"http:\/\/https:\/\/www.tour-blog.de\/?p=1024\" title=\"Maffay Gala\" target=\"_blank\">Bericht \u00fcber die Charity &#8211; Gala in Ulm<\/a> hatte ich geschrieben, da\u00df mir die S\u00e4ngerin dort sehr gefallen hat. <a href=\"http:\/\/www.amptown-verleih.de\/\" title=\"Amptown Verleih\" target=\"_blank\">Amptown<\/a> &#8211; Urgestein Onkel Jo nahm dies zum Anla\u00df, mir eine CD zu schenken. Ich war sehr \u00fcberrascht und habe mich total gefreut. Ganz herzlichen Dank !<\/p>\n<p>Dann habt Ihr schon gemerkt, da\u00df ich in den letzten Tagen sehr wenig blogge. Ich komm&#8216; da einfach zur Zeit nicht wirklich zu. Die Produktion ist gewachsen, ich habe als backlinender TL den ganzen Tag gut zu tun und die wenige freie Zeit brauche ich, um einfach mal ein wenig herunterzukommen. Auch heute am freien Tag habe ich erst mal bis 14:00 Uhr geschlafen, mu\u00df jetzt noch ein paar kommende St\u00e4dte vorbereiten und werde auch nicht dazu kommen, ausf\u00fchrlich \u00fcber die Tour zu berichten. Ich werde das nachholen, wenn wieder etwas mehr Luft ist, kann aber verraten, da\u00df es eine sch\u00f6ne Show geworden ist, auf die wir alle sehr stolz sind.<\/p>\n","protected":false},"excerpt":{"rendered":"<p>Es ist schon toll, wenn man f\u00fcr einen Offday nach Hause kommt und im Briefkasten nicht nur Rechnungen, sondern auch eine CD von Maria Mena liegt. Bei meinem Bericht \u00fcber die Charity &#8211; Gala in Ulm hatte ich geschrieben, da\u00df mir die S\u00e4ngerin dort sehr gefallen hat. Amptown &#8211; Urgestein Onkel Jo nahm dies zum &hellip; <a href=\"https:\/\/www.tour-blog.de\/?p=1037\" class=\"more-link\"><span class=\"screen-reader-text\">\u201eDanke !\u201c<\/span> weiterlesen<\/a><\/p>\n","protected":false},"author":7,"featured_media":0,"comment_status":"open","ping_status":"open","sticky":false,"template":"","format":"standard","meta":[],"categories":[23],"tags":[],"_links":{"self":[{"href":"https:\/\/www.tour-blog.de\/index.php?rest_route=\/wp\/v2\/posts\/1037"}],"collection":[{"href":"https:\/\/www.tour-blog.de\/index.php?rest_route=\/wp\/v2\/posts"}],"about":[{"href":"https:\/\/www.tour-blog.de\/index.php?rest_route=\/wp\/v2\/types\/post"}],"author":[{"embeddable":true,"href":"https:\/\/www.tour-blog.de\/index.php?rest_route=\/wp\/v2\/users\/7"}],"replies":[{"embeddable":true,"href":"https:\/\/www.tour-blog.de\/index.php?rest_route=%2Fwp%2Fv2%2Fcomments&post=1037"}],"version-history":[{"count":0,"href":"https:\/\/www.tour-blog.de\/index.php?rest_route=\/wp\/v2\/posts\/1037\/revisions"}],"wp:attachment":[{"href":"https:\/\/www.tour-blog.de\/index.php?rest_route=%2Fwp%2Fv2%2Fmedia&parent=1037"}],"wp:term":[{"taxonomy":"category","embeddable":true,"href":"https:\/\/www.tour-blog.de\/index.php?rest_route=%2Fwp%2Fv2%2Fcategories&post=1037"},{"taxonomy":"post_tag","embeddable":true,"href":"https:\/\/www.tour-blog.de\/index.php?rest_route=%2Fwp%2Fv2%2Ftags&post=1037"}],"curies":[{"name":"wp","href":"https:\/\/api.w.org\/{rel}","templated":true}]}}